{"id":57274,"date":"2025-02-21T00:21:29","date_gmt":"2025-02-21T06:21:29","guid":{"rendered":"https:\/\/politicosaldesnudo.com.mx\/?p=57274"},"modified":"2025-02-20T21:48:34","modified_gmt":"2025-02-21T03:48:34","slug":"afiliacion-y-desafuero-de-los-yunes","status":"publish","type":"post","link":"https:\/\/politicosaldesnudo.com.mx\/index.php\/2025\/02\/21\/afiliacion-y-desafuero-de-los-yunes\/","title":{"rendered":"Afiliaci\u00f3n y Desafuero de los Yunes"},"content":{"rendered":"<p style=\"font-weight: 400;\"><strong>Los pronunciamientos en contra de la afiliaci\u00f3n en el senado de Miguel \u00c1ngel Yunes<\/strong><\/p>\n<p style=\"font-weight: 400;\"><strong>En Veracruz a nivel local se prepara el desafuero del hermano Fernando Yunes<\/strong><\/p>\n<p style=\"font-weight: 400;\"><strong>Reviven la Carpeta Azul y los desv\u00edos de recursos detectados por el ORFIS<\/strong><\/p>\n<p style=\"font-weight: 400;\"><strong>Por Miguel \u00c1ngel Cristiani G.<\/strong><\/p>\n<p style=\"font-weight: 400;\">El tema del d\u00eda que ha acaparado la atenci\u00f3n de los pol\u00edticos y analistas es el de la declaraci\u00f3n de los carteles como grupos terroristas, pero ac\u00e1 en el terru\u00f1o veracruzano, lo que mantiene la pol\u00e9mica al 100, es primero la \u201cafiliaci\u00f3n\u201d del senador Miguel \u00c1ngel Yunes M\u00e1rquez al partido de MORENA y tambi\u00e9n el posible desafuero de su hermano el diputado local Fernando Yunes en el Congreso Local.<\/p>\n<p style=\"font-weight: 400;\">De hecho, la sesi\u00f3n de la Comisi\u00f3n Permanente del Congreso Local programada para este jueves fue suspendida, sin que se diera a conocer oficialmente alg\u00fan motivo.<\/p>\n<p style=\"font-weight: 400;\">Se reprogram\u00f3 para dentro de ocho d\u00edas el jueves 27 de febrero.<\/p>\n<p style=\"font-weight: 400;\">Aunque como es sabido, para el desafuero del diputado Fernando Yunes podr\u00eda ser convocado el pleno de los diputados o por la Comisi\u00f3n Permanente.<\/p>\n<p style=\"font-weight: 400;\">Aunque en los rumores que corren por los pasillos se dice extraoficialmente que el proceso de desafuero contra el diputado local Fernando Yunes M\u00e1rquez est\u00e1 en marcha.<\/p>\n<p style=\"font-weight: 400;\">Que ya se ha presentado una solicitud de desafuero en el Congreso del Estado de Veracruz, debido a su presunta responsabilidad en el delito de desv\u00edo de recursos por m\u00e1s de 100 millones de pesos durante su gesti\u00f3n como alcalde de Veracruz.<\/p>\n<p style=\"font-weight: 400;\">Hay que recordar que en su oportunidad, el \u00d3rgano de Fiscalizaci\u00f3n Superior (ORFIS) detect\u00f3 un presunto da\u00f1o patrimonial de 117 millones 507 mil 043.04 pesos, de los cuales solo se han podido justificar 24 millones 509 mil 173.75 pesos.<\/p>\n<p style=\"font-weight: 400;\">Las irregularidades est\u00e1n relacionadas con servicios de administraci\u00f3n de plan privado de pensiones, asesor\u00eda jur\u00eddica, contable y financiera a cargo de la empresa Laynher Estevia, S.A. de C.V.<\/p>\n<p style=\"font-weight: 400;\">En caso de aprobarse el desafuero, Yunes M\u00e1rquez perder\u00eda su inmunidad y la Fiscal\u00eda General del Estado de Veracruz (FGE) quedar\u00eda en condiciones de proceder legalmente en su contra.<\/p>\n<p style=\"font-weight: 400;\">Respecto al tema de la afiliaci\u00f3n del senador Yunes M\u00e1rquez la gobernadora de Veracruz, Roc\u00edo Nahle Garc\u00eda, ha expresado p\u00fablicamente su rechazo a la afiliaci\u00f3n de Miguel \u00c1ngel Yunes M\u00e1rquez a Morena.<\/p>\n<p style=\"font-weight: 400;\">Nahle argumenta que Yunes M\u00e1rquez no representa los principios del partido y que su ingreso ser\u00eda una falta de respeto a la militancia veracruzana. La gobernadora ha solicitado a la Comisi\u00f3n de Honestidad y Justicia de Morena que no se otorgue la membres\u00eda al senador. Adem\u00e1s, Nahle ha anunciado que presentar\u00e1 pruebas sobre presuntos casos de lavado de dinero y desv\u00edos de recursos en los que estar\u00eda involucrada la familia Yunes.<\/p>\n<p style=\"font-weight: 400;\">A trav\u00e9s de sus redes sociales, Nahle pidi\u00f3 a la Comisi\u00f3n de Honestidad y Justicia de Morena que no se otorgue la membres\u00eda al senador, asegurando que \u201cno representa ni cuenta con los postulados del movimiento de regeneraci\u00f3n\u201d.<\/p>\n<p style=\"font-weight: 400;\">\u201cPido a la Comisi\u00f3n de Honestidad y Justicia de Morena que NO acrediten la membres\u00eda como integrante de Morena a Miguel \u00c1ngel Yunes M\u00e1rquez, por no representar ni contar con los postulados del movimiento de regeneraci\u00f3n\u201d, expres\u00f3 la mandataria en su cuenta oficial de X (antes Twitter).<\/p>\n<p style=\"font-weight: 400;\">Entrega de \u2018carpeta azul\u2019 con presuntas investigaciones contra los Yunes<\/p>\n<p style=\"font-weight: 400;\">Como parte de sus acciones, la gobernadora anunci\u00f3 que har\u00e1 llegar a la dirigencia nacional de Morena un expediente conocido como la \u201cCarpeta Azul\u201d, que contendr\u00eda pruebas sobre presuntos casos de lavado de dinero y desv\u00edos de recursos en los que estar\u00eda involucrada la familia Yunes.<\/p>\n<p style=\"font-weight: 400;\">\u201cEn breve estar\u00e9 haciendo llegar formalmente la solicitud por escrito a la presidenta @LuisaAlcalde con las pruebas correspondientes sobre la \u2018Carpeta Azul\u2019, donde est\u00e1 involucrado en lavado de dinero y otros delitos\u201d.<\/p>\n<p style=\"font-weight: 400;\">As\u00ed las declaraciones a nivel nacional y estatal, que como dir\u00edan los cl\u00e1sicos\u2026esto no termina hasta que se acaba.<\/p>\n<p style=\"font-weight: 400;\">A prop\u00f3sito este jueves estuvieron en la conferencia ma\u00f1anera en Palacio Nacional, los directivos de la empresa Nexflix creadora de contenidos para la televisi\u00f3n\u2026.pero no, no hay anuncio de que vayan a producir una serie con la historia de Los Yunes, que bien podr\u00eda hacerse.<\/p>\n<p style=\"font-weight: 400;\">Para m\u00e1s informaci\u00f3n consulta nuestra p\u00e1gina\u00a0<a href=\"https:\/\/www.xn--bitacoraspolticas-ovb.com\/\" data-saferedirecturl=\"https:\/\/www.google.com\/url?q=https:\/\/www.xn--bitacoraspolticas-ovb.com\/&amp;source=gmail&amp;ust=1740196025756000&amp;usg=AOvVaw16DxZXM9gAnCoarFuPf1Ut\">https:\/\/www.xn--bitacoraspolticas-ovb.com\/<\/a><\/p>\n<p><img data-recalc-dims=\"1\" loading=\"lazy\" decoding=\"async\" class=\"aligncenter size-full wp-image-57109\" src=\"https:\/\/i0.wp.com\/politicosaldesnudo.com.mx\/wp-content\/uploads\/2025\/02\/FIRMA-EDITORIAL-PD-5.jpg?resize=800%2C98&#038;ssl=1\" alt=\"\" width=\"800\" height=\"98\" srcset=\"https:\/\/i0.wp.com\/politicosaldesnudo.com.mx\/wp-content\/uploads\/2025\/02\/FIRMA-EDITORIAL-PD-5.jpg?w=1024&amp;ssl=1 1024w, https:\/\/i0.wp.com\/politicosaldesnudo.com.mx\/wp-content\/uploads\/2025\/02\/FIRMA-EDITORIAL-PD-5.jpg?resize=300%2C37&amp;ssl=1 300w, https:\/\/i0.wp.com\/politicosaldesnudo.com.mx\/wp-content\/uploads\/2025\/02\/FIRMA-EDITORIAL-PD-5.jpg?resize=768%2C94&amp;ssl=1 768w\" sizes=\"auto, (max-width: 800px) 100vw, 800px\" \/><\/p>\n","protected":false},"excerpt":{"rendered":"<p>Los pronunciamientos en contra de la afiliaci\u00f3n en el senado de Miguel \u00c1ngel Yunes En Veracruz a nivel local se<\/p>\n","protected":false},"author":4,"featured_media":46060,"comment_status":"closed","ping_status":"closed","sticky":false,"template":"","format":"standard","meta":{"colormag_page_container_layout":"default_layout","colormag_page_sidebar_layout":"default_layout","_jetpack_memberships_contains_paid_content":false,"footnotes":"","jetpack_publicize_message":"","jetpack_publicize_feature_enabled":true,"jetpack_social_post_already_shared":false,"jetpack_social_options":{"image_generator_settings":{"template":"highway","default_image_id":0,"font":"","enabled":false},"version":2}},"categories":[26],"tags":[],"class_list":["post-57274","post","type-post","status-publish","format-standard","has-post-thumbnail","hentry","category-columnistas"],"jetpack_publicize_connections":[],"jetpack_featured_media_url":"https:\/\/i0.wp.com\/politicosaldesnudo.com.mx\/wp-content\/uploads\/2024\/09\/CRISTIANI-2.jpg?fit=800%2C445&ssl=1","jetpack-related-posts":[],"jetpack_sharing_enabled":true,"_links":{"self":[{"href":"https:\/\/politicosaldesnudo.com.mx\/index.php\/wp-json\/wp\/v2\/posts\/57274","targetHints":{"allow":["GET"]}}],"collection":[{"href":"https:\/\/politicosaldesnudo.com.mx\/index.php\/wp-json\/wp\/v2\/posts"}],"about":[{"href":"https:\/\/politicosaldesnudo.com.mx\/index.php\/wp-json\/wp\/v2\/types\/post"}],"author":[{"embeddable":true,"href":"https:\/\/politicosaldesnudo.com.mx\/index.php\/wp-json\/wp\/v2\/users\/4"}],"replies":[{"embeddable":true,"href":"https:\/\/politicosaldesnudo.com.mx\/index.php\/wp-json\/wp\/v2\/comments?post=57274"}],"version-history":[{"count":0,"href":"https:\/\/politicosaldesnudo.com.mx\/index.php\/wp-json\/wp\/v2\/posts\/57274\/revisions"}],"wp:featuredmedia":[{"embeddable":true,"href":"https:\/\/politicosaldesnudo.com.mx\/index.php\/wp-json\/wp\/v2\/media\/46060"}],"wp:attachment":[{"href":"https:\/\/politicosaldesnudo.com.mx\/index.php\/wp-json\/wp\/v2\/media?parent=57274"}],"wp:term":[{"taxonomy":"category","embeddable":true,"href":"https:\/\/politicosaldesnudo.com.mx\/index.php\/wp-json\/wp\/v2\/categories?post=57274"},{"taxonomy":"post_tag","embeddable":true,"href":"https:\/\/politicosaldesnudo.com.mx\/index.php\/wp-json\/wp\/v2\/tags?post=57274"}],"curies":[{"name":"wp","href":"https:\/\/api.w.org\/{rel}","templated":true}]}}