{"id":57276,"date":"2025-02-21T00:22:42","date_gmt":"2025-02-21T06:22:42","guid":{"rendered":"https:\/\/politicosaldesnudo.com.mx\/?p=57276"},"modified":"2025-02-20T21:50:55","modified_gmt":"2025-02-21T03:50:55","slug":"gana-sheinbaum-y-nahle-nuevamente-la-partida","status":"publish","type":"post","link":"https:\/\/politicosaldesnudo.com.mx\/index.php\/2025\/02\/21\/gana-sheinbaum-y-nahle-nuevamente-la-partida\/","title":{"rendered":"Gana Sheinbaum y Nahle nuevamente la partida"},"content":{"rendered":"<p><em>\u201cCuando se teme a alguien es porque a ese alguien le hemos concedido poder sobre nosotros.\u201d \u2013 Hermann Hesse.<\/em><\/p>\n<p><strong>La presidenta Claudia Sheinbaum Pardo ha marcado un antes y un despu\u00e9s en la forma de enfrentar la seguridad en M\u00e9xico, adoptando un enfoque frontal y disruptivo que rompe con d\u00e9cadas de estrategias reactivas y fragmentadas. Su visi\u00f3n se sustenta en la integraci\u00f3n de la inteligencia, la prevenci\u00f3n y la coordinaci\u00f3n interinstitucional, elementos que han permitido transformar la percepci\u00f3n ciudadana sobre la capacidad del Estado para proteger a la sociedad.<\/strong><\/p>\n<p><strong>Seg\u00fan el estudio de opini\u00f3n realizado por Question Mark en febrero de 2025, el 77.4 por ciento de los mexicanos expresa tener entre \u201cmucho\u201d y \u201calgo\u201d de respeto hacia el Ej\u00e9rcito, asign\u00e1ndole una calificaci\u00f3n promedio de 7.1 sobre 10 en su desempe\u00f1o.<\/strong><\/p>\n<p><strong>Este respaldo ciudadano refuerza la estrategia de Sheinbaum, quien ha sabido aprovechar la credibilidad y el prestigio de las Fuerzas Armadas para impulsar un modelo de seguridad m\u00e1s moderno y efectivo.<\/strong><\/p>\n<p><strong>La presidenta ha apostado por una colaboraci\u00f3n estrecha entre las instituciones del Estado, reconociendo que el respeto hacia el Ej\u00e9rcito es un pilar fundamental para combatir la delincuencia y el narcotr\u00e1fico, desaf\u00edos que requieren respuestas contundentes y coordinadas.<\/strong><\/p>\n<p><strong>Sin embargo, la consolidaci\u00f3n de esta nueva visi\u00f3n de seguridad se enmarca en un panorama pol\u00edtico complejo. En el contexto de la conmemoraci\u00f3n del D\u00eda del Ej\u00e9rcito, se desat\u00f3 una crisis coyuntural cuando el senador Ad\u00e1n Augusto L\u00f3pez Hern\u00e1ndez intent\u00f3 afiliar al senador Miguel \u00c1ngel Yunes M\u00e1rquez a Morena, generando un conflicto interno que ha comprometido la gobernabilidad y la necesaria unidad partidista.<\/strong><\/p>\n<p><strong>Esta maniobra, vista por muchos como un intento de desestabilizar a la unidad de Morena, ha tenido repercusiones directas en la gobernadora de Veracruz, Roc\u00edo Nahle Garc\u00eda, quien se ve arrastrada a un torbellino de disputas internas y tensiones que amenazan con diluir la fuerza del proyecto pol\u00edtico que ella encabeza.<\/strong><\/p>\n<p><strong>Cosa que no sucedi\u00f3, ni suceder\u00e1, porque quien mandata hoy en M\u00e9xico y qui\u00e9n mandato, coinciden en que Roc\u00edo Nahle Garc\u00eda est\u00e1 formada y preparada para afrontar retos m\u00e1s all\u00e1 de las calenturas tropicales de algunos mesi\u00e1nicos cacicazgos que se oponen con todo a someterse al poder de las mujeres empe\u00f1ados en demostrar su visi\u00f3n retr\u00f3grada y machista de la pol\u00edtica.<\/strong><\/p>\n<p><strong>Este episodio evidencia el persistente choque entre las fuerzas heredadas de la administraci\u00f3n del expresidente Andr\u00e9s Manuel L\u00f3pez Obrador y la actual visi\u00f3n renovada de la pol\u00edtica de seguridad impulsada por Sheinbaum.<\/strong><\/p>\n<p><strong>Mientras algunos sectores buscan aferrarse a estructuras y alianzas del pasado, la presidenta ha demostrado que el futuro de la seguridad nacional requiere de una estrategia libre de intereses partidistas y basada en la eficiencia operativa y la transparencia.<\/strong><\/p>\n<p><strong>En un giro que trasciende las fronteras nacionales, el presidente Donald Trump reconoci\u00f3 en un mensaje p\u00fablico el trabajo de Claudia Sheinbaum en la lucha contra el fentanilo, uno de los desaf\u00edos m\u00e1s cr\u00edticos en materia de seguridad. <a href=\"https:\/\/ventanaver.mx\/internacional\/reconoce-presidente-donald-trump-campana-contra-el-fentanilo-impulsada-por-la-presidenta-claudia-sheinbaum-en-mexico-implementara-la-idea-en-eua\/\">https:\/\/ventanaver.mx\/internacional\/reconoce-presidente-donald-trump-campana-contra-el-fentanilo-impulsada-por-la-presidenta-claudia-sheinbaum-en-mexico-implementara-la-idea-en-eua\/<\/a><\/strong><\/p>\n<p><strong>Este reconocimiento internacional refuerza la imagen de una l\u00edder decidida a combatir no solo la violencia interna, sino tambi\u00e9n las amenazas transnacionales que afectan la soberan\u00eda de M\u00e9xico.<\/strong><\/p>\n<p><strong>En definitiva, la gesti\u00f3n de Sheinbaum ha logrado cambiar el paradigma de la seguridad al combinar el respaldo tradicional del Ej\u00e9rcito con una estrategia innovadora y sin concesiones, marcando el inicio de una etapa en la que la seguridad se traduce en acci\u00f3n y compromiso real con la ciudadan\u00eda.<\/strong><\/p>\n<p><strong>Por cierto, la medida llega, en un momento en el que el presidente Donald Trump tiene muy nerviosos a muchos pol\u00edticos mexicanos que por sus pasados inconfesables han sumado una cruzada por pretender combatir a la actual autoridad para continuar perpetuando sus malas pr\u00e1cticas y sus malsanos negocios.<\/strong><\/p>\n<p><strong>\u00a0<\/strong><\/p>\n<p><strong>Al tiempo.<\/strong><\/p>\n<p><img data-recalc-dims=\"1\" loading=\"lazy\" decoding=\"async\" class=\"aligncenter size-full wp-image-57109\" src=\"https:\/\/i0.wp.com\/politicosaldesnudo.com.mx\/wp-content\/uploads\/2025\/02\/FIRMA-EDITORIAL-PD-5.jpg?resize=800%2C98&#038;ssl=1\" alt=\"\" width=\"800\" height=\"98\" srcset=\"https:\/\/i0.wp.com\/politicosaldesnudo.com.mx\/wp-content\/uploads\/2025\/02\/FIRMA-EDITORIAL-PD-5.jpg?w=1024&amp;ssl=1 1024w, https:\/\/i0.wp.com\/politicosaldesnudo.com.mx\/wp-content\/uploads\/2025\/02\/FIRMA-EDITORIAL-PD-5.jpg?resize=300%2C37&amp;ssl=1 300w, https:\/\/i0.wp.com\/politicosaldesnudo.com.mx\/wp-content\/uploads\/2025\/02\/FIRMA-EDITORIAL-PD-5.jpg?resize=768%2C94&amp;ssl=1 768w\" sizes=\"auto, (max-width: 800px) 100vw, 800px\" \/><\/p>\n","protected":false},"excerpt":{"rendered":"<p>\u201cCuando se teme a alguien es porque a ese alguien le hemos concedido poder sobre nosotros.\u201d \u2013 Hermann Hesse. La<\/p>\n","protected":false},"author":4,"featured_media":36965,"comment_status":"closed","ping_status":"closed","sticky":false,"template":"","format":"standard","meta":{"colormag_page_container_layout":"default_layout","colormag_page_sidebar_layout":"default_layout","_jetpack_memberships_contains_paid_content":false,"footnotes":"","jetpack_publicize_message":"","jetpack_publicize_feature_enabled":true,"jetpack_social_post_already_shared":false,"jetpack_social_options":{"image_generator_settings":{"template":"highway","default_image_id":0,"font":"","enabled":false},"version":2}},"categories":[26],"tags":[],"class_list":["post-57276","post","type-post","status-publish","format-standard","has-post-thumbnail","hentry","category-columnistas"],"jetpack_publicize_connections":[],"jetpack_featured_media_url":"https:\/\/i0.wp.com\/politicosaldesnudo.com.mx\/wp-content\/uploads\/2024\/05\/LUIS-RAMIREZ-BAQUEIRO.jpg?fit=800%2C445&ssl=1","jetpack-related-posts":[],"jetpack_sharing_enabled":true,"_links":{"self":[{"href":"https:\/\/politicosaldesnudo.com.mx\/index.php\/wp-json\/wp\/v2\/posts\/57276","targetHints":{"allow":["GET"]}}],"collection":[{"href":"https:\/\/politicosaldesnudo.com.mx\/index.php\/wp-json\/wp\/v2\/posts"}],"about":[{"href":"https:\/\/politicosaldesnudo.com.mx\/index.php\/wp-json\/wp\/v2\/types\/post"}],"author":[{"embeddable":true,"href":"https:\/\/politicosaldesnudo.com.mx\/index.php\/wp-json\/wp\/v2\/users\/4"}],"replies":[{"embeddable":true,"href":"https:\/\/politicosaldesnudo.com.mx\/index.php\/wp-json\/wp\/v2\/comments?post=57276"}],"version-history":[{"count":0,"href":"https:\/\/politicosaldesnudo.com.mx\/index.php\/wp-json\/wp\/v2\/posts\/57276\/revisions"}],"wp:featuredmedia":[{"embeddable":true,"href":"https:\/\/politicosaldesnudo.com.mx\/index.php\/wp-json\/wp\/v2\/media\/36965"}],"wp:attachment":[{"href":"https:\/\/politicosaldesnudo.com.mx\/index.php\/wp-json\/wp\/v2\/media?parent=57276"}],"wp:term":[{"taxonomy":"category","embeddable":true,"href":"https:\/\/politicosaldesnudo.com.mx\/index.php\/wp-json\/wp\/v2\/categories?post=57276"},{"taxonomy":"post_tag","embeddable":true,"href":"https:\/\/politicosaldesnudo.com.mx\/index.php\/wp-json\/wp\/v2\/tags?post=57276"}],"curies":[{"name":"wp","href":"https:\/\/api.w.org\/{rel}","templated":true}]}}