{"id":57288,"date":"2025-02-22T00:03:24","date_gmt":"2025-02-22T06:03:24","guid":{"rendered":"https:\/\/politicosaldesnudo.com.mx\/?p=57288"},"modified":"2025-02-21T20:22:06","modified_gmt":"2025-02-22T02:22:06","slug":"ejercito-recibio-a-ninos-en-sus-instalaciones","status":"publish","type":"post","link":"https:\/\/politicosaldesnudo.com.mx\/index.php\/2025\/02\/22\/ejercito-recibio-a-ninos-en-sus-instalaciones\/","title":{"rendered":"Ej\u00e9rcito recibi\u00f3 a ni\u00f1os en sus instalaciones"},"content":{"rendered":"<p>En el marco del D\u00eda del Ej\u00e9rcito Mexicano, la Comandancia de la 19\/a Zona Militar, a trav\u00e9s del 39\/o Batall\u00f3n de Infanter\u00eda, recibi\u00f3 a alumnos del jard\u00edn de ni\u00f1os Reino Aventura para una visita guiada por sus instalaciones en Tuxpan, Veracruz.<\/p>\n<p>El evento, realizado este viernes 21 de febrero permiti\u00f3 a los peque\u00f1os conocer de cerca las actividades que desempe\u00f1a el personal militar, as\u00ed como el material, equipo y veh\u00edculos empleados por la Secretar\u00eda de la Defensa Nacional. Durante la jornada, los estudiantes participaron en diversas actividades y exhibiciones, entre ellas:<\/p>\n<p>Exposici\u00f3n fotogr\u00e1fica sobre las diferentes actividades del Ej\u00e9rcito, la Fuerza A\u00e9rea Mexicana y la Guardia Nacional, paseo en trenecito, m\u00f3dulo de camuflaje y equipo t\u00e1ctico, m\u00f3dulo de sanidad, m\u00f3dulo de transmisiones, demostraci\u00f3n del adiestramiento binomio can\u00f3filo, degustaci\u00f3n de un refrigerio y entrega de aguinaldos con dulces.<\/p>\n<p>La finalidad de esta iniciativa es fortalecer el v\u00ednculo entre la sociedad y las Fuerzas Armadas, promoviendo el conocimiento sobre las funciones del Ej\u00e9rcito Mexicano y su compromiso con la seguridad y bienestar de la poblaci\u00f3n.<\/p>\n<p>Con actividades como esta, a Defensa reafirma su compromiso con la ciudadan\u00eda, fomentando el acercamiento y la confianza de las nuevas generaciones en las instituciones encargadas de la defensa nacional.<\/p>\n","protected":false},"excerpt":{"rendered":"<p>En el marco del D\u00eda del Ej\u00e9rcito Mexicano, la Comandancia de la 19\/a Zona Militar, a trav\u00e9s del 39\/o Batall\u00f3n<\/p>\n","protected":false},"author":4,"featured_media":57289,"comment_status":"closed","ping_status":"closed","sticky":false,"template":"","format":"standard","meta":{"colormag_page_container_layout":"default_layout","colormag_page_sidebar_layout":"default_layout","_jetpack_memberships_contains_paid_content":false,"footnotes":"","jetpack_publicize_message":"","jetpack_publicize_feature_enabled":true,"jetpack_social_post_already_shared":false,"jetpack_social_options":{"image_generator_settings":{"template":"highway","default_image_id":0,"font":"","enabled":false},"version":2}},"categories":[1082],"tags":[],"class_list":["post-57288","post","type-post","status-publish","format-standard","has-post-thumbnail","hentry","category-tuxpan"],"jetpack_publicize_connections":[],"jetpack_featured_media_url":"https:\/\/i0.wp.com\/politicosaldesnudo.com.mx\/wp-content\/uploads\/2025\/02\/4c-9.jpg?fit=1600%2C1200&ssl=1","jetpack-related-posts":[],"jetpack_sharing_enabled":true,"_links":{"self":[{"href":"https:\/\/politicosaldesnudo.com.mx\/index.php\/wp-json\/wp\/v2\/posts\/57288","targetHints":{"allow":["GET"]}}],"collection":[{"href":"https:\/\/politicosaldesnudo.com.mx\/index.php\/wp-json\/wp\/v2\/posts"}],"about":[{"href":"https:\/\/politicosaldesnudo.com.mx\/index.php\/wp-json\/wp\/v2\/types\/post"}],"author":[{"embeddable":true,"href":"https:\/\/politicosaldesnudo.com.mx\/index.php\/wp-json\/wp\/v2\/users\/4"}],"replies":[{"embeddable":true,"href":"https:\/\/politicosaldesnudo.com.mx\/index.php\/wp-json\/wp\/v2\/comments?post=57288"}],"version-history":[{"count":0,"href":"https:\/\/politicosaldesnudo.com.mx\/index.php\/wp-json\/wp\/v2\/posts\/57288\/revisions"}],"wp:featuredmedia":[{"embeddable":true,"href":"https:\/\/politicosaldesnudo.com.mx\/index.php\/wp-json\/wp\/v2\/media\/57289"}],"wp:attachment":[{"href":"https:\/\/politicosaldesnudo.com.mx\/index.php\/wp-json\/wp\/v2\/media?parent=57288"}],"wp:term":[{"taxonomy":"category","embeddable":true,"href":"https:\/\/politicosaldesnudo.com.mx\/index.php\/wp-json\/wp\/v2\/categories?post=57288"},{"taxonomy":"post_tag","embeddable":true,"href":"https:\/\/politicosaldesnudo.com.mx\/index.php\/wp-json\/wp\/v2\/tags?post=57288"}],"curies":[{"name":"wp","href":"https:\/\/api.w.org\/{rel}","templated":true}]}}