{"id":57291,"date":"2025-02-22T00:04:18","date_gmt":"2025-02-22T06:04:18","guid":{"rendered":"https:\/\/politicosaldesnudo.com.mx\/?p=57291"},"modified":"2025-02-21T20:22:58","modified_gmt":"2025-02-22T02:22:58","slug":"celebra-cruz-roja-su-115-aniversario","status":"publish","type":"post","link":"https:\/\/politicosaldesnudo.com.mx\/index.php\/2025\/02\/22\/celebra-cruz-roja-su-115-aniversario\/","title":{"rendered":"Celebra Cruz Roja su 115 aniversario"},"content":{"rendered":"<p>115 a\u00f1os de servicio y dedicaci\u00f3n a la comunidad, celebr\u00f3 la Delegaci\u00f3n de Cruz Roja Mexicana en esta ciudad, donde m\u00e1s de un siglo, han estado presentes en los momentos m\u00e1s dif\u00edciles, brindando ayuda y esperanza a quienes m\u00e1s lo necesitan.<\/p>\n<p>Su historia se remonta a cuando un grupo de personas visionarias se unieron con el objetivo de proteger lo m\u00e1s valioso: la vida, desde entonces, siguen trabajado incansablemente para cumplir su misi\u00f3n, adapt\u00e1ndose a los desaf\u00edos y necesidades de cada \u00e9poca.<\/p>\n<p>A lo largo de estos 115 a\u00f1os, han sido testigos de innumerables historias de valent\u00eda, solidaridad y superaci\u00f3n, viendo c\u00f3mo personas comunes se convierten en h\u00e9roes, c\u00f3mo la esperanza renace en medio de la adversidad y c\u00f3mo la uni\u00f3n hace la fuerza.<\/p>\n<p>\u00abEn Cruz Roja nos enorgullece contar con un equipo de profesionales comprometidos y apasionados, que entregan su tiempo y esfuerzo para hacer posible nuestra labor, gracias a su dedicaci\u00f3n, hemos logrado salvar miles de vidas, brindar apoyo a familias en momentos de crisis y promover la cultura de la prevenci\u00f3n y el cuidado \u00ab, comentaron los voluntarios.<\/p>\n<p>Agradecieron a todas las personas que han sido parte de su historia como los voluntarios, donantes, colaboradores y, sobre todo, a la comunidad, que conf\u00edan en ellos y les permiten seguir cumpliendo su misi\u00f3n.<\/p>\n","protected":false},"excerpt":{"rendered":"<p>115 a\u00f1os de servicio y dedicaci\u00f3n a la comunidad, celebr\u00f3 la Delegaci\u00f3n de Cruz Roja Mexicana en esta ciudad, donde<\/p>\n","protected":false},"author":4,"featured_media":57292,"comment_status":"closed","ping_status":"closed","sticky":false,"template":"","format":"standard","meta":{"colormag_page_container_layout":"default_layout","colormag_page_sidebar_layout":"default_layout","_jetpack_memberships_contains_paid_content":false,"footnotes":"","jetpack_publicize_message":"","jetpack_publicize_feature_enabled":true,"jetpack_social_post_already_shared":false,"jetpack_social_options":{"image_generator_settings":{"template":"highway","default_image_id":0,"font":"","enabled":false},"version":2}},"categories":[1082],"tags":[],"class_list":["post-57291","post","type-post","status-publish","format-standard","has-post-thumbnail","hentry","category-tuxpan"],"jetpack_publicize_connections":[],"jetpack_featured_media_url":"https:\/\/i0.wp.com\/politicosaldesnudo.com.mx\/wp-content\/uploads\/2025\/02\/4b-8.jpg?fit=1280%2C960&ssl=1","jetpack-related-posts":[],"jetpack_sharing_enabled":true,"_links":{"self":[{"href":"https:\/\/politicosaldesnudo.com.mx\/index.php\/wp-json\/wp\/v2\/posts\/57291","targetHints":{"allow":["GET"]}}],"collection":[{"href":"https:\/\/politicosaldesnudo.com.mx\/index.php\/wp-json\/wp\/v2\/posts"}],"about":[{"href":"https:\/\/politicosaldesnudo.com.mx\/index.php\/wp-json\/wp\/v2\/types\/post"}],"author":[{"embeddable":true,"href":"https:\/\/politicosaldesnudo.com.mx\/index.php\/wp-json\/wp\/v2\/users\/4"}],"replies":[{"embeddable":true,"href":"https:\/\/politicosaldesnudo.com.mx\/index.php\/wp-json\/wp\/v2\/comments?post=57291"}],"version-history":[{"count":0,"href":"https:\/\/politicosaldesnudo.com.mx\/index.php\/wp-json\/wp\/v2\/posts\/57291\/revisions"}],"wp:featuredmedia":[{"embeddable":true,"href":"https:\/\/politicosaldesnudo.com.mx\/index.php\/wp-json\/wp\/v2\/media\/57292"}],"wp:attachment":[{"href":"https:\/\/politicosaldesnudo.com.mx\/index.php\/wp-json\/wp\/v2\/media?parent=57291"}],"wp:term":[{"taxonomy":"category","embeddable":true,"href":"https:\/\/politicosaldesnudo.com.mx\/index.php\/wp-json\/wp\/v2\/categories?post=57291"},{"taxonomy":"post_tag","embeddable":true,"href":"https:\/\/politicosaldesnudo.com.mx\/index.php\/wp-json\/wp\/v2\/tags?post=57291"}],"curies":[{"name":"wp","href":"https:\/\/api.w.org\/{rel}","templated":true}]}}