{"id":57315,"date":"2025-02-22T00:12:00","date_gmt":"2025-02-22T06:12:00","guid":{"rendered":"https:\/\/politicosaldesnudo.com.mx\/?p=57315"},"modified":"2025-02-21T20:53:20","modified_gmt":"2025-02-22T02:53:20","slug":"mexico-capaz-de-resistir-frente-a-convulsiones-externas-barcena","status":"publish","type":"post","link":"https:\/\/politicosaldesnudo.com.mx\/index.php\/2025\/02\/22\/mexico-capaz-de-resistir-frente-a-convulsiones-externas-barcena\/","title":{"rendered":"M\u00e9xico, capaz de resistir frente a convulsiones externas: B\u00e1rcena"},"content":{"rendered":"<p class=\"s-s\">Rosa Icela Rodr\u00edguez, titular de la Secretar\u00eda de Gobernaci\u00f3n (Segob), garantiz\u00f3 la seguridad jur\u00eddica para las inversiones que hagan los industriales del pa\u00eds durante el gobierno de la presidenta Claudia Sheinbaum Pardo, al hablar ante empresarios agrupados en la Confederaci\u00f3n de C\u00e1maras Industriales (Concamin).<\/p>\n<p>En el mismo foro, Alicia B\u00e1rcena, titular de la Secretar\u00eda de Medio Ambiente y Recursos Naturales (Semarnat) asegur\u00f3 que la econom\u00eda es capaz de resistir las\u00a0<q>convulsiones externas<\/q>, comentario a prop\u00f3sito de la decisi\u00f3n del Banco de M\u00e9xico, que la v\u00edspera redujo de 1.2 a 0.6 por ciento la previsi\u00f3n de crecimiento de este a\u00f1o.<\/p>\n<p><q>Hoy estamos viviendo un contexto internacional complejo, pero vamos a salir adelante con el acuerdo y el trabajo coordinado entre gobierno y empresarios. Tengan certeza de que se les brindar\u00e1 la seguridad jur\u00eddica necesaria en sus inversiones. Si trabajamos en unidad podemos fortalecer a nuestro pa\u00eds. Tienen todo el respaldo del Estado mexicano para continuar engrandeciendo a esta naci\u00f3n<\/q>, destac\u00f3 Rodr\u00edguez al participar en la 107 asamblea general ordinaria de la Concamin, la cual marca el inicio del segundo periodo de Alejandro Malag\u00f3n Barrag\u00e1n como dirigente de ese organismo del sector privado.<\/p>\n<p><q>Para el gobierno de M\u00e9xico, el trabajo con el sector empresarial, con el sector industrial, es clave para lograr el crecimiento econ\u00f3mico en beneficio de miles de familias que requieren certeza y seguridad en sus ingresos<\/q>, indic\u00f3 la secretaria de Gobernaci\u00f3n.<\/p>\n<p><q>La presidenta Sheinbaum ha actuado con firmeza y sabidur\u00eda ante las nuevas pol\u00edticas econ\u00f3micas y migratorias<\/q>, dijo Rodr\u00edguez.<\/p>\n<p>En su participaci\u00f3n, B\u00e1rcena coment\u00f3 que ante los momentos tan convulsos que est\u00e1n ocurriendo, \u201cel gobierno est\u00e1 apostando a la consolidaci\u00f3n de la inversi\u00f3n p\u00fablica en obras de infraestructura estrat\u00e9gicas que van a conectar al pa\u00eds.<\/p>\n<p><q>Hay vientos que nos dicen que nuestro crecimiento quiz\u00e1 no va a ser el que esper\u00e1bamos. El Banco de M\u00e9xico incluso anunci\u00f3 algunas bajas, pero aun as\u00ed yo dir\u00eda que somos un pa\u00eds que tiene capacidad de resistir frente a las convulsiones externas<\/q>, puntualiz\u00f3 la funcionaria en su participaci\u00f3n.<\/p>\n<p>Subray\u00f3 que con el liderazgo de la presidenta Sheinbaum, Mexico est\u00e1 desempe\u00f1ando \u201cun papel destacad\u00edsimo en la redefinici\u00f3n de la inserci\u00f3n del pa\u00eds en la regi\u00f3n norteamericana con valent\u00eda, con firmeza y con cabeza fr\u00eda.<\/p>\n<p><q>M\u00e9xico es un pa\u00eds muy reconocido en el extranjero porque ha mostrado mucha capacidad para enfrentar un contexto tan incierto como el que estamos viviendo el d\u00eda de hoy y, sobre todo, porque hay una demostraci\u00f3n muy clara de la estabilidad macroecon\u00f3mica del pa\u00eds<\/q>, dijo B\u00e1rcena, despu\u00e9s de indicar que para hacer realidad el Plan M\u00e9xico es necesario contar con la industria.<\/p>\n<p>En entrevista, Malag\u00f3n Barrag\u00e1n se\u00f1al\u00f3 que los organismos industriales de Estados Unidos y Canad\u00e1 han reconocido que aplicar aranceles a los socios del T-MEC puede da\u00f1ar la fortaleza de la regi\u00f3n.<\/p>\n<p>Se\u00f1al\u00f3 que los aranceles representan incertidumbre y responder con medidas rec\u00edprocas no es el camino, pues puede impactar en nuevos grav\u00e1menes y a sectores sensibles.<\/p>\n<p>No obstante, reconoci\u00f3 la capacidad de negociaci\u00f3n de la Presidenta y de su gabinete.<\/p>\n","protected":false},"excerpt":{"rendered":"<p>Rosa Icela Rodr\u00edguez, titular de la Secretar\u00eda de Gobernaci\u00f3n (Segob), garantiz\u00f3 la seguridad jur\u00eddica para las inversiones que hagan los<\/p>\n","protected":false},"author":4,"featured_media":57316,"comment_status":"closed","ping_status":"closed","sticky":false,"template":"","format":"standard","meta":{"colormag_page_container_layout":"default_layout","colormag_page_sidebar_layout":"default_layout","_jetpack_memberships_contains_paid_content":false,"footnotes":"","jetpack_publicize_message":"","jetpack_publicize_feature_enabled":true,"jetpack_social_post_already_shared":false,"jetpack_social_options":{"image_generator_settings":{"template":"highway","default_image_id":0,"font":"","enabled":false},"version":2}},"categories":[2050],"tags":[],"class_list":["post-57315","post","type-post","status-publish","format-standard","has-post-thumbnail","hentry","category-economia"],"jetpack_publicize_connections":[],"jetpack_featured_media_url":"https:\/\/i0.wp.com\/politicosaldesnudo.com.mx\/wp-content\/uploads\/2025\/02\/alicia-barcena-sre-080941-1024x576-1.jpg?fit=1024%2C576&ssl=1","jetpack-related-posts":[],"jetpack_sharing_enabled":true,"_links":{"self":[{"href":"https:\/\/politicosaldesnudo.com.mx\/index.php\/wp-json\/wp\/v2\/posts\/57315","targetHints":{"allow":["GET"]}}],"collection":[{"href":"https:\/\/politicosaldesnudo.com.mx\/index.php\/wp-json\/wp\/v2\/posts"}],"about":[{"href":"https:\/\/politicosaldesnudo.com.mx\/index.php\/wp-json\/wp\/v2\/types\/post"}],"author":[{"embeddable":true,"href":"https:\/\/politicosaldesnudo.com.mx\/index.php\/wp-json\/wp\/v2\/users\/4"}],"replies":[{"embeddable":true,"href":"https:\/\/politicosaldesnudo.com.mx\/index.php\/wp-json\/wp\/v2\/comments?post=57315"}],"version-history":[{"count":0,"href":"https:\/\/politicosaldesnudo.com.mx\/index.php\/wp-json\/wp\/v2\/posts\/57315\/revisions"}],"wp:featuredmedia":[{"embeddable":true,"href":"https:\/\/politicosaldesnudo.com.mx\/index.php\/wp-json\/wp\/v2\/media\/57316"}],"wp:attachment":[{"href":"https:\/\/politicosaldesnudo.com.mx\/index.php\/wp-json\/wp\/v2\/media?parent=57315"}],"wp:term":[{"taxonomy":"category","embeddable":true,"href":"https:\/\/politicosaldesnudo.com.mx\/index.php\/wp-json\/wp\/v2\/categories?post=57315"},{"taxonomy":"post_tag","embeddable":true,"href":"https:\/\/politicosaldesnudo.com.mx\/index.php\/wp-json\/wp\/v2\/tags?post=57315"}],"curies":[{"name":"wp","href":"https:\/\/api.w.org\/{rel}","templated":true}]}}