{"id":57339,"date":"2025-02-22T00:20:02","date_gmt":"2025-02-22T06:20:02","guid":{"rendered":"https:\/\/politicosaldesnudo.com.mx\/?p=57339"},"modified":"2025-02-21T21:15:16","modified_gmt":"2025-02-22T03:15:16","slug":"el-pentagono-anuncia-que-reducira-en-al-menos-5-sus-efectivos-civiles","status":"publish","type":"post","link":"https:\/\/politicosaldesnudo.com.mx\/index.php\/2025\/02\/22\/el-pentagono-anuncia-que-reducira-en-al-menos-5-sus-efectivos-civiles\/","title":{"rendered":"El Pent\u00e1gono anuncia que reducir\u00e1 en al menos 5% sus efectivos civiles"},"content":{"rendered":"<p>El departamento de Defensa de Estados Unidos anunci\u00f3 el viernes que reducir\u00e1 sus efectivos civiles en al menos un 5%, como parte del objetivo del gobierno de recortar el n\u00famero de funcionarios.<\/p>\n<p>Los recortes tienen como meta \u00abpermitir una mayor eficiencia y reorientar el departamento hacia las prioridades del presidente\u00bb Donald Trump, dijo Darin Selnick, un alto cargo del Pent\u00e1gono, en un comunicado.<\/p>\n","protected":false},"excerpt":{"rendered":"<p>El departamento de Defensa de Estados Unidos anunci\u00f3 el viernes que reducir\u00e1 sus efectivos civiles en al menos un 5%,<\/p>\n","protected":false},"author":4,"featured_media":57340,"comment_status":"closed","ping_status":"closed","sticky":false,"template":"","format":"standard","meta":{"colormag_page_container_layout":"default_layout","colormag_page_sidebar_layout":"default_layout","_jetpack_memberships_contains_paid_content":false,"footnotes":"","jetpack_publicize_message":"","jetpack_publicize_feature_enabled":true,"jetpack_social_post_already_shared":false,"jetpack_social_options":{"image_generator_settings":{"template":"highway","default_image_id":0,"font":"","enabled":false},"version":2}},"categories":[28],"tags":[],"class_list":["post-57339","post","type-post","status-publish","format-standard","has-post-thumbnail","hentry","category-internacional"],"jetpack_publicize_connections":[],"jetpack_featured_media_url":"https:\/\/i0.wp.com\/politicosaldesnudo.com.mx\/wp-content\/uploads\/2025\/02\/pent.jpg?fit=751%2C476&ssl=1","jetpack-related-posts":[],"jetpack_sharing_enabled":true,"_links":{"self":[{"href":"https:\/\/politicosaldesnudo.com.mx\/index.php\/wp-json\/wp\/v2\/posts\/57339","targetHints":{"allow":["GET"]}}],"collection":[{"href":"https:\/\/politicosaldesnudo.com.mx\/index.php\/wp-json\/wp\/v2\/posts"}],"about":[{"href":"https:\/\/politicosaldesnudo.com.mx\/index.php\/wp-json\/wp\/v2\/types\/post"}],"author":[{"embeddable":true,"href":"https:\/\/politicosaldesnudo.com.mx\/index.php\/wp-json\/wp\/v2\/users\/4"}],"replies":[{"embeddable":true,"href":"https:\/\/politicosaldesnudo.com.mx\/index.php\/wp-json\/wp\/v2\/comments?post=57339"}],"version-history":[{"count":0,"href":"https:\/\/politicosaldesnudo.com.mx\/index.php\/wp-json\/wp\/v2\/posts\/57339\/revisions"}],"wp:featuredmedia":[{"embeddable":true,"href":"https:\/\/politicosaldesnudo.com.mx\/index.php\/wp-json\/wp\/v2\/media\/57340"}],"wp:attachment":[{"href":"https:\/\/politicosaldesnudo.com.mx\/index.php\/wp-json\/wp\/v2\/media?parent=57339"}],"wp:term":[{"taxonomy":"category","embeddable":true,"href":"https:\/\/politicosaldesnudo.com.mx\/index.php\/wp-json\/wp\/v2\/categories?post=57339"},{"taxonomy":"post_tag","embeddable":true,"href":"https:\/\/politicosaldesnudo.com.mx\/index.php\/wp-json\/wp\/v2\/tags?post=57339"}],"curies":[{"name":"wp","href":"https:\/\/api.w.org\/{rel}","templated":true}]}}