{"id":57429,"date":"2025-02-24T00:25:47","date_gmt":"2025-02-24T06:25:47","guid":{"rendered":"https:\/\/politicosaldesnudo.com.mx\/?p=57429"},"modified":"2025-02-24T00:02:47","modified_gmt":"2025-02-24T06:02:47","slug":"los-ejes-de-trump-maga-y-el-proyecto-2025","status":"publish","type":"post","link":"https:\/\/politicosaldesnudo.com.mx\/index.php\/2025\/02\/24\/los-ejes-de-trump-maga-y-el-proyecto-2025\/","title":{"rendered":"Los ejes de Trump: MAGA y el proyecto 2025"},"content":{"rendered":"<p>Bill Clinton en su cierre de campa\u00f1a vocifer\u00f3: \u00a1Es la econom\u00eda! est\u00fapido\u2026Hoy lo retoma Donald Trump con su \u201cEs el petr\u00f3leo, el oro, el litio, el gas, el agua, las tierras negras y criptomonedas. \u00a1Est\u00fapidos!\u201d. Y as\u00ed, con la nueva versi\u00f3n de su gobierno, amenaza a un tercer periodo, lanza su MAGA (Make Am\u00e9rica Great Again. Que Am\u00e9rica vuelva a ser grande) y su proyecto 2025: Groenlandia, Panam\u00e1, el Golfo de M\u00e9xico y Canad\u00e1, m\u00e1s los aranceles para todo y a todos, expulsi\u00f3n de inmigrantes latinoamericanos, declarar terroristas a los c\u00e1rteles mexicanos, sin tocar a los gringos, env\u00edo indiscriminado de armas a Gaza y Ucrania (que curiosamente terminan en manos del crimen organizado). Opiniones contrastantes que van desde \u201c\u00e9ste, est\u00e1 loco\u201d hasta lo declarado por Braulio Carvajal, en La Jornada, donde aparece el Trump 2.0, en s\u00edmil de TIME:<strong> Long life the King <\/strong>con corona dorada en su cl\u00e1sica melena: \u00a0\u201cLos aranceles son un arma para conseguir sus fines pol\u00edticos m\u00e1s que \u00a0econ\u00f3micos, que conllevara a la devaluaci\u00f3n del d\u00f3lar. Y sobre todo recuperar la industria manufacturera son las amenazas de Trump no s\u00f3lo a M\u00e9xico sino al mundo, son una locura, todas est\u00e1n basadas en premisas falsas y populistas.\u201d<\/p>\n<p>La reacci\u00f3n de Canad\u00e1, Europa, China y sobre todo la OPEP sacuden la opini\u00f3n p\u00fablica internacional y conmociona en forma estrepitosa hacia adentro de los mismos Estados Unidos.\u00a0 Trump en su primer mes, del segundo mandato frena a la prensa, controlada por George Soros que fortaleci\u00f3 a los dem\u00f3cratas Clinton, Obama, Biden y los republicanos Bush, padre e hijo. \u00cdntimamente relacionados con la banca Black Rock y Goldman Sachs. Manejando intereses de las grandes corporaciones, mismas que dieron vida a la etapa neoliberal de libre mercado: El Globalismo en toda su excelencia. Lo que condujo a Estados Unidos a una quiebra en su econom\u00eda, semejante a las crisis de la Gran Depresi\u00f3n de 1929, la crisis financiera del 2008 y la recesi\u00f3n de 2020. Los indicadores econ\u00f3micos que han mostrado su debilidad econ\u00f3mica: Desempleo. En 2008, la tasa de desempleo se duplic\u00f3 y en 2020, durante la pandemia, alcanz\u00f3 el 14,8%. Producci\u00f3n industrial. En 2008, la producci\u00f3n industrial se redujo 10% en comparaci\u00f3n con enero de 2008. Ventas de autos. Deuda p\u00fablica. En 2023, Estados Unidos es el pa\u00eds m\u00e1s endeudado del mundo, con una deuda del 118.73% del PIB. Factores que han contribuido a la crisis actual: \u00a0la especulaci\u00f3n financiera, sobreacumulaci\u00f3n y sobreproducci\u00f3n. Debilidad del consumo masivo. Alto endeudamiento p\u00fablico y privado. Pero ante todo destaca la expansi\u00f3n en producci\u00f3n y fabricaci\u00f3n de armas destinadas a las guerras por el petr\u00f3leo: antes Vietnam, Afganist\u00e1n, e Irak y ahora Ucrania, Siria y Gaza. Todas ellas demostraron la incapacidad de ganarlas.<\/p>\n<p>En el caso de Afganist\u00e1n, impulsaron y protegieron la siembra del opio dando pauta a la hero\u00edna afgana, que hoy representa el 95% del mercado en Europa y el resto del mundo. Mientras Vietnam e Irak fueron devastados por el petr\u00f3leo, hoy Ucrania ser\u00e1 compartida entre Rusia y Estados Unidos, Siria para penetrar en Ir\u00e1n y el genocidio de palestinos en Gaza, af\u00edn de convertirla en para\u00edso inmobiliario y tur\u00edstico. Negociando con pa\u00edses africanos y asi\u00e1ticos el traslado de mas de dos millones sobrevivientes, en esta nueva modalidad b\u00e9lica: \u201cv\u00e1yanse para que crezca\u201d. El vicepresidente JD Vance, pr\u00f3ximo contendiente si es que no se hacen cambios a la Constituci\u00f3n para darle una tercera oportunidad a Trump, en su discurso lanz\u00f3 un duro ataque contra las democracias europeas, asegurando que la mayor amenaza que enfrenta el continente no proviene de Rusia y China, sino \u00abdesde dentro\u00bb. Macron convoc\u00f3 a una Cumbre en Par\u00eds sobre Ucrania, en su intento de reunir a Europa. La cumbre se celebr\u00f3 con m\u00e1s ausencias que presencias, generando controversia entre los pa\u00edses europeos. Todo ello indica el inicio de un nuevo orden mundial, que abandona la visi\u00f3n globalista del neoliberalismo, para dar entrada a una etapa imperial de un capitalismo tripolar: Rusia, China y Estados Unidos (en ese orden), se avecina un nuevo reparto territorial y Ucrania entra en escena con una Europa maniatada.<\/p>\n<p>Alfredo Jaliffe en su columna Bajo la Lupa, de La Jornada, expone: \u201cLa derrota del comediante j\u00e1zaro\u00a0 Zelensky y la asunci\u00f3n de Trump 2.0 catalizaron el arranque de un nuevo orden mundial tripolar entre EU\/Rusia\/China y otorgaron la raz\u00f3n triunfal al ya hist\u00f3rico discurso del zar Vladimir Putin hace 18 a\u00f1os en la Conferencia de Seguridad de M\u00fanich (SCM), donde abog\u00f3 por la creativa multipolaridad. \u00a0Fue el momento culminante cuando <strong>nolens volens<\/strong> (ya sea que quiera o no; quer\u00e1moslo o no.) se inici\u00f3 un G-2 que hoy parece m\u00e1s indisoluble que nunca entre China y Rusia, lo que dej\u00f3 sembrado y aislado geoestrat\u00e9gicamente a EU.<\/p>\n<p>David Brooks, en su American Curios: Esperando Waterloo, nos narra: \u201cEn un manicomio, un paciente de repente grita desde su cuarto: soy Napole\u00f3n. Otro enfermo le pregunta desde otro cuarto, \u00bfc\u00f3mo sabes? y el primero le responde: Dios me lo dijo. Desde un tercer cuarto, una voz grita: No te dije tal cosa. Disculpas por usar de nuevo esa vieja broma, pero es necesario porque alguien que cree Napole\u00f3n ha tomado el poder en Estados Unidos. Trump tuiteo en X: respondiendo a cr\u00edticas y demandas legales por su asalto al gobierno federal al buscar nuevamente el Poder Ejecutivo: -Aqu\u00e9l que salva a su pa\u00eds no viola ninguna ley-. Esa frase es atribuida a Napole\u00f3n justo cuando inicia su asalto a la Constituci\u00f3n francesa para, eventualmente, declararse emperador. Trump lo usa, pero es tan narcisista que se neg\u00f3 a darle cr\u00e9dito al original\u201d.<\/p>\n<p>Lo importante es que se frena o da una tregua a la inminente Tercera Guerra Mundial. Ya que el reparto, ahora, se hace antes de la acci\u00f3n b\u00e9lica. Por ello la alianza de Trump con los grandes magnates de empresas medi\u00e1ticas. Pero como dijera Lol\u00f3 Navarro: \u201cEsa es otra historia\u201d, la manipulaci\u00f3n medi\u00e1tica v\u00eda internet, redes sociales y medios convencionales, se analizar\u00e1n la pr\u00f3xima semana.<\/p>\n<p><img data-recalc-dims=\"1\" loading=\"lazy\" decoding=\"async\" class=\"aligncenter size-full wp-image-57421\" src=\"https:\/\/i0.wp.com\/politicosaldesnudo.com.mx\/wp-content\/uploads\/2025\/02\/FIRMA-EDITORIAL-PD-6.jpg?resize=800%2C98&#038;ssl=1\" alt=\"\" width=\"800\" height=\"98\" srcset=\"https:\/\/i0.wp.com\/politicosaldesnudo.com.mx\/wp-content\/uploads\/2025\/02\/FIRMA-EDITORIAL-PD-6.jpg?w=1024&amp;ssl=1 1024w, https:\/\/i0.wp.com\/politicosaldesnudo.com.mx\/wp-content\/uploads\/2025\/02\/FIRMA-EDITORIAL-PD-6.jpg?resize=300%2C37&amp;ssl=1 300w, https:\/\/i0.wp.com\/politicosaldesnudo.com.mx\/wp-content\/uploads\/2025\/02\/FIRMA-EDITORIAL-PD-6.jpg?resize=768%2C94&amp;ssl=1 768w\" sizes=\"auto, (max-width: 800px) 100vw, 800px\" \/><\/p>\n","protected":false},"excerpt":{"rendered":"<p>Bill Clinton en su cierre de campa\u00f1a vocifer\u00f3: \u00a1Es la econom\u00eda! est\u00fapido\u2026Hoy lo retoma Donald Trump con su \u201cEs el<\/p>\n","protected":false},"author":4,"featured_media":49219,"comment_status":"closed","ping_status":"closed","sticky":false,"template":"","format":"standard","meta":{"colormag_page_container_layout":"default_layout","colormag_page_sidebar_layout":"default_layout","_jetpack_memberships_contains_paid_content":false,"footnotes":"","jetpack_publicize_message":"","jetpack_publicize_feature_enabled":true,"jetpack_social_post_already_shared":false,"jetpack_social_options":{"image_generator_settings":{"template":"highway","default_image_id":0,"font":"","enabled":false},"version":2}},"categories":[26],"tags":[],"class_list":["post-57429","post","type-post","status-publish","format-standard","has-post-thumbnail","hentry","category-columnistas"],"jetpack_publicize_connections":[],"jetpack_featured_media_url":"https:\/\/i0.wp.com\/politicosaldesnudo.com.mx\/wp-content\/uploads\/2024\/10\/ESCENARIOS-1.jpg?fit=800%2C448&ssl=1","jetpack-related-posts":[],"jetpack_sharing_enabled":true,"_links":{"self":[{"href":"https:\/\/politicosaldesnudo.com.mx\/index.php\/wp-json\/wp\/v2\/posts\/57429","targetHints":{"allow":["GET"]}}],"collection":[{"href":"https:\/\/politicosaldesnudo.com.mx\/index.php\/wp-json\/wp\/v2\/posts"}],"about":[{"href":"https:\/\/politicosaldesnudo.com.mx\/index.php\/wp-json\/wp\/v2\/types\/post"}],"author":[{"embeddable":true,"href":"https:\/\/politicosaldesnudo.com.mx\/index.php\/wp-json\/wp\/v2\/users\/4"}],"replies":[{"embeddable":true,"href":"https:\/\/politicosaldesnudo.com.mx\/index.php\/wp-json\/wp\/v2\/comments?post=57429"}],"version-history":[{"count":0,"href":"https:\/\/politicosaldesnudo.com.mx\/index.php\/wp-json\/wp\/v2\/posts\/57429\/revisions"}],"wp:featuredmedia":[{"embeddable":true,"href":"https:\/\/politicosaldesnudo.com.mx\/index.php\/wp-json\/wp\/v2\/media\/49219"}],"wp:attachment":[{"href":"https:\/\/politicosaldesnudo.com.mx\/index.php\/wp-json\/wp\/v2\/media?parent=57429"}],"wp:term":[{"taxonomy":"category","embeddable":true,"href":"https:\/\/politicosaldesnudo.com.mx\/index.php\/wp-json\/wp\/v2\/categories?post=57429"},{"taxonomy":"post_tag","embeddable":true,"href":"https:\/\/politicosaldesnudo.com.mx\/index.php\/wp-json\/wp\/v2\/tags?post=57429"}],"curies":[{"name":"wp","href":"https:\/\/api.w.org\/{rel}","templated":true}]}}