{"id":57433,"date":"2025-02-24T00:27:35","date_gmt":"2025-02-24T06:27:35","guid":{"rendered":"https:\/\/politicosaldesnudo.com.mx\/?p=57433"},"modified":"2025-02-24T00:07:05","modified_gmt":"2025-02-24T06:07:05","slug":"interes-supremo-de-la-ninez","status":"publish","type":"post","link":"https:\/\/politicosaldesnudo.com.mx\/index.php\/2025\/02\/24\/interes-supremo-de-la-ninez\/","title":{"rendered":"INTER\u00c9S SUPREMO DE LA NI\u00d1EZ"},"content":{"rendered":"<p>Con el objeto de ilustrar la incultura jur\u00eddica de aquellos ministriles de justicia que pretendieron brindar impunidad a un pederasta como Guillermo Alejandro Sesma Su\u00e1rez, la abogac\u00eda independiente de la Ciudad de M\u00e9xico, les hace saber que la Ley General de los Derechos de Ni\u00f1as, Ni\u00f1os y Adolescentes, en su ar\u00e1bigo dos, segundo p\u00e1rrafo prev\u00e9 que el \u201cinter\u00e9s superior de la ni\u00f1ez deber\u00e1 de ser considerado de manera primordial en la toma de decisiones sobre una cuesti\u00f3n debatida que involucre ni\u00f1as, ni\u00f1os y adolescentes\u201d; de ah\u00ed que cuando sea emitida una determinaci\u00f3n que los afecte de manera particular o general, \u201cse deber\u00e1n evaluar y ponderar las posibles repercusiones a fin de salvaguardar su inter\u00e9s superior y sus garant\u00edas procesales\u201d.<\/p>\n<p>Situaci\u00f3n que aquellos despreciables agentes del ministerio p\u00fablico, fiscales y jueces del \u201cCaso Regina\u201d no efectuaron, es por eso, que la Academia de Derecho Penal del Colegio Nacional de Abogados Foro de M\u00e9xico, hoy los ilumina suplicando en la forma m\u00e1s intensa a la primera Magistrada de la Naci\u00f3n y de manera especial a la Lic. Bertha Alcalde Luj\u00e1n, Fiscal General de Justicia de la Ciudad de M\u00e9xico, que cuanto antes, indague la responsabilidad criminal de Guillermo Alejandro Sesma Su\u00e1rez y su cofrad\u00eda de protectores, y que se ahonde con gran acuosidad para determinar qui\u00e9n resulta ser el responsable de los hechos pol\u00edticos, tomando en consideraci\u00f3n todas las agravantes de la ley que favorezcan el inter\u00e9s superior de los hijos de Regina Seeman Audiffred. Debiendo decir en continuidad con el mismo orden de ideas, que se tienen datos fidedignos de la intervenci\u00f3n de ciertos dirigentes del Partido Verde Ecologista para brindar impunidad al pederasta.<\/p>\n<p>Tambi\u00e9n resulta pertinente vincular y requerir que despu\u00e9s de las indagaciones de rigor se ejercite acci\u00f3n penal contra los responsables pol\u00edticos de pretender brindar impunidad a un transgresor sexual.<\/p>\n<p>De comprobarse, como lo ser\u00e1, que estos son unos hechos pol\u00edticos despreciables, se habr\u00e1 llenado de oprobio la pol\u00edtica del gobierno capitalino, por haber permitido que a delincuentes sexuales con poder pol\u00edtico y econ\u00f3mico se les haya pretendido obsequiar (no gratuitamente) impunidad.<\/p>\n<p>Es cu\u00e1nto.<\/p>\n<p><img data-recalc-dims=\"1\" loading=\"lazy\" decoding=\"async\" class=\"aligncenter size-full wp-image-57421\" src=\"https:\/\/i0.wp.com\/politicosaldesnudo.com.mx\/wp-content\/uploads\/2025\/02\/FIRMA-EDITORIAL-PD-6.jpg?resize=800%2C98&#038;ssl=1\" alt=\"\" width=\"800\" height=\"98\" srcset=\"https:\/\/i0.wp.com\/politicosaldesnudo.com.mx\/wp-content\/uploads\/2025\/02\/FIRMA-EDITORIAL-PD-6.jpg?w=1024&amp;ssl=1 1024w, https:\/\/i0.wp.com\/politicosaldesnudo.com.mx\/wp-content\/uploads\/2025\/02\/FIRMA-EDITORIAL-PD-6.jpg?resize=300%2C37&amp;ssl=1 300w, https:\/\/i0.wp.com\/politicosaldesnudo.com.mx\/wp-content\/uploads\/2025\/02\/FIRMA-EDITORIAL-PD-6.jpg?resize=768%2C94&amp;ssl=1 768w\" sizes=\"auto, (max-width: 800px) 100vw, 800px\" \/><\/p>\n","protected":false},"excerpt":{"rendered":"<p>Con el objeto de ilustrar la incultura jur\u00eddica de aquellos ministriles de justicia que pretendieron brindar impunidad a un pederasta<\/p>\n","protected":false},"author":4,"featured_media":52149,"comment_status":"closed","ping_status":"closed","sticky":false,"template":"","format":"standard","meta":{"colormag_page_container_layout":"default_layout","colormag_page_sidebar_layout":"default_layout","_jetpack_memberships_contains_paid_content":false,"footnotes":"","jetpack_publicize_message":"","jetpack_publicize_feature_enabled":true,"jetpack_social_post_already_shared":false,"jetpack_social_options":{"image_generator_settings":{"template":"highway","default_image_id":0,"font":"","enabled":false},"version":2}},"categories":[26],"tags":[],"class_list":["post-57433","post","type-post","status-publish","format-standard","has-post-thumbnail","hentry","category-columnistas"],"jetpack_publicize_connections":[],"jetpack_featured_media_url":"https:\/\/i0.wp.com\/politicosaldesnudo.com.mx\/wp-content\/uploads\/2024\/12\/WOODLRICH.jpg?fit=800%2C445&ssl=1","jetpack-related-posts":[],"jetpack_sharing_enabled":true,"_links":{"self":[{"href":"https:\/\/politicosaldesnudo.com.mx\/index.php\/wp-json\/wp\/v2\/posts\/57433","targetHints":{"allow":["GET"]}}],"collection":[{"href":"https:\/\/politicosaldesnudo.com.mx\/index.php\/wp-json\/wp\/v2\/posts"}],"about":[{"href":"https:\/\/politicosaldesnudo.com.mx\/index.php\/wp-json\/wp\/v2\/types\/post"}],"author":[{"embeddable":true,"href":"https:\/\/politicosaldesnudo.com.mx\/index.php\/wp-json\/wp\/v2\/users\/4"}],"replies":[{"embeddable":true,"href":"https:\/\/politicosaldesnudo.com.mx\/index.php\/wp-json\/wp\/v2\/comments?post=57433"}],"version-history":[{"count":0,"href":"https:\/\/politicosaldesnudo.com.mx\/index.php\/wp-json\/wp\/v2\/posts\/57433\/revisions"}],"wp:featuredmedia":[{"embeddable":true,"href":"https:\/\/politicosaldesnudo.com.mx\/index.php\/wp-json\/wp\/v2\/media\/52149"}],"wp:attachment":[{"href":"https:\/\/politicosaldesnudo.com.mx\/index.php\/wp-json\/wp\/v2\/media?parent=57433"}],"wp:term":[{"taxonomy":"category","embeddable":true,"href":"https:\/\/politicosaldesnudo.com.mx\/index.php\/wp-json\/wp\/v2\/categories?post=57433"},{"taxonomy":"post_tag","embeddable":true,"href":"https:\/\/politicosaldesnudo.com.mx\/index.php\/wp-json\/wp\/v2\/tags?post=57433"}],"curies":[{"name":"wp","href":"https:\/\/api.w.org\/{rel}","templated":true}]}}