{"id":57435,"date":"2025-02-24T00:28:20","date_gmt":"2025-02-24T06:28:20","guid":{"rendered":"https:\/\/politicosaldesnudo.com.mx\/?p=57435"},"modified":"2025-02-24T00:09:12","modified_gmt":"2025-02-24T06:09:12","slug":"las-mujeres-cambian-el-rumbo-del-mundo","status":"publish","type":"post","link":"https:\/\/politicosaldesnudo.com.mx\/index.php\/2025\/02\/24\/las-mujeres-cambian-el-rumbo-del-mundo\/","title":{"rendered":"Las mujeres cambian el rumbo del mundo"},"content":{"rendered":"<p style=\"background: white;\"><strong><span style=\"font-size: 14.0pt; font-family: 'Arial','sans-serif'; color: #222222;\">La Iglesia cat\u00f3lica, una de las religiones m\u00e1s cerradas en cuanto al acceso de la mujer en su alta jerarqu\u00eda, empieza a abrirse<\/span><\/strong><\/p>\n<p style=\"background: white;\"><strong><span style=\"font-size: 14.0pt; font-family: 'Arial','sans-serif'; color: #222222;\">Por \u00c1ngel \u00c1lvaro Pe\u00f1a<\/span><\/strong><\/p>\n<p style=\"background: white;\"><span style=\"font-size: 14.0pt; font-family: 'Arial','sans-serif'; color: #222222;\">El mundo est\u00e1 cambiando y lo est\u00e1n cambiando las mujeres. La perspectiva del planeta se transforma en toda expresi\u00f3n humana y la poblaci\u00f3n va de sorpresa en sorpresa.<\/span><\/p>\n<p style=\"background: white;\"><span style=\"font-size: 14.0pt; font-family: 'Arial','sans-serif'; color: #222222;\">Ante la enfermedad del Papa Francisco, debi\u00f3 dejar encargado el papado, una vez que renunci\u00f3, decidi\u00f3 que una mujer ser\u00eda lo mejor para ocupar el cargo de gobernadora del Vaticano, algo in\u00e9dito en la historia de la religi\u00f3n cat\u00f3lica.<\/span><\/p>\n<p style=\"background: white;\"><span style=\"font-size: 14.0pt; font-family: 'Arial','sans-serif'; color: #222222;\">El antecedente, \u00fanico en el mundo habla de que una monja que debi\u00f3 disfrazarse de hombre para alcanzar el Papado, en el siglo IX, llamada la papisa Juana; quien fue encargado de hacer la cr\u00f3nica, con detalles, casi tres siglos despu\u00e9s fue el dominico Jean de Mailly. El enga\u00f1o se descubri\u00f3 cuando dio a luz en plena procesi\u00f3n.<\/span><\/p>\n<p style=\"background: white;\"><span style=\"font-size: 14.0pt; font-family: 'Arial','sans-serif'; color: #222222;\">Ahora, nueve siglos despu\u00e9s, la monja Raffaella Petrini, de 56 a\u00f1os fue designada como \u201cgobernadora\u201d del Vaticano, adem\u00e1s de pedir que se promueva la inclusi\u00f3n femenina en la Iglesia cat\u00f3lica.<\/span><\/p>\n<p style=\"background: white;\"><span style=\"font-size: 14.0pt; font-family: 'Arial','sans-serif'; color: #222222;\">Ante esta situaci\u00f3n, la presidenta de M\u00e9xico, Claudia Sheinbaum, llam\u00f3 \u00abprogresista\u00bb al papa Francisco por haber nombrado a una mujer, como su interina.<\/span><\/p>\n<p style=\"background: white;\"><span style=\"font-size: 14.0pt; font-family: 'Arial','sans-serif'; color: #222222;\">La Presidenta mexicana se\u00f1al\u00f3: \u201cEn ese sentido, yo considero, el papa Francisco un humanista y en muchos sentidos muy progresista, y esta parte de incorporar a mujeres dentro de la Iglesia creo que es un paso muy importante\u00bb.<\/span><\/p>\n<p style=\"background: white;\"><span style=\"font-size: 14.0pt; font-family: 'Arial','sans-serif'; color: #222222;\">La presidenta mexicana celebr\u00f3 el simbolismo del nombramiento de Petrini como \u00abgobernadora\u00bb del Vaticano, cargo en el que relevar\u00e1 al cardenal espa\u00f1ol Fernando V\u00e9rgez Alzaga a partir del pr\u00f3ximo 1 de marzo, seg\u00fan anunci\u00f3 la Santa Sede el 15 de febrero.<\/span><\/p>\n<p style=\"background: white;\"><span style=\"font-size: 14.0pt; font-family: 'Arial','sans-serif'; color: #222222;\">Mientras tanto Petrini, ocupar\u00e1 la presidencia de la Gobernaci\u00f3n del Estado Ciudad del Vaticano, el principal cargo en la administraci\u00f3n civil de dicho territorio, tras ser la \u00abmano derecha\u00bb de V\u00e9rgez durante a\u00f1os, adem\u00e1s de su designaci\u00f3n como presidenta de la Comisi\u00f3n Pontificia para el Estado de la Ciudad del Vaticano.<\/span><\/p>\n<p style=\"background: white;\"><span style=\"font-size: 14.0pt; font-family: 'Arial','sans-serif'; color: #222222;\">La Iglesia cat\u00f3lica ha sido de los grupos m\u00e1s reacios a la igualdad de g\u00e9nero. De hecho, se considera un dique a las exigencias de los grupos minoritarios de lesbianas y homosexuales, que exigen derechos como el del aborto, que tiene que ver directamente con la mujer como el cambio de sexo, la pr\u00e1ctica del transg\u00e9nero.<\/span><\/p>\n<p style=\"background: white;\"><span style=\"font-size: 14.0pt; font-family: 'Arial','sans-serif'; color: #222222;\">En realidad, la historia de la papisa Juana, se trata de un transg\u00e9nero que rompi\u00f3 muchos esquemas en esa \u00e9poca. Las mujeres, hasta el momento tiene prohibido encabezar una misa.<\/span><\/p>\n<p style=\"background: white;\"><span style=\"font-size: 14.0pt; font-family: 'Arial','sans-serif'; color: #222222;\">La Iglesia cat\u00f3lica es un grupo patriarcal, que considera a la mujer impura a causa de la menstruaci\u00f3n, por lo que no pueden las mujeres ocupar, los cargos de sacerdotes, obispos, cardenales y menos a\u00fan ser papisas.<\/span><\/p>\n<p style=\"background: white;\"><span style=\"font-size: 14.0pt; font-family: 'Arial','sans-serif'; color: #222222;\">Sheinbaum Pardo, consider\u00f3 \u00abbueno que tambi\u00e9n en esa esfera haya participaci\u00f3n de las mujeres\u00bb.<\/span><\/p>\n<p style=\"background: white;\"><span style=\"font-size: 14.0pt; font-family: 'Arial','sans-serif'; color: #222222;\">La mandataria, record\u00f3 que tuvo \u00abel privilegio\u00bb de reunirse con el pont\u00edfice en febrero de 2024, antes de comenzar su campa\u00f1a hacia las elecciones del 2 junio, y hablar del tema.<\/span><\/p>\n<p style=\"background: white;\"><span style=\"font-size: 14.0pt; font-family: 'Arial','sans-serif'; color: #222222;\">\u201cLe plante\u00e9 que por primera vez M\u00e9xico pod\u00eda tener una mujer presidenta y \u00e9l me dijo que era muy importante la participaci\u00f3n de las mujeres\u00bb, se\u00f1al\u00f3.<\/span><\/p>\n<p style=\"background: white;\"><span style=\"font-size: 14.0pt; font-family: 'Arial','sans-serif'; color: #222222;\">Mientras esto sucede, en Roma, se informa que el Papa Francisco, internado desde el 14 de febrero en el Hospital Gemelli, el l\u00edder de la Iglesia cat\u00f3lica muestra una leve insuficiencia renal, aunque no ha tenido nuevas crisis respiratorias.<\/span><\/p>\n<p style=\"background: white;\"><span style=\"font-size: 14.0pt; font-family: 'Arial','sans-serif'; color: #222222;\">Por su parte, Raffaella Petrini, quien se distingui\u00f3 siempre por su inteligencia, es licenciada en Ciencias Pol\u00edticas,\u00a0por la\u00a0<\/span><a title=\"Universidad Internacional Libre de Guido Carli\" href=\"https:\/\/es.wikipedia.org\/wiki\/Universidad_Internacional_Libre_de_Guido_Carli\" target=\"_blank\" rel=\"noopener\"><span style=\"font-size: 14.0pt; font-family: 'Arial','sans-serif'; color: windowtext; text-decoration: none; text-underline: none;\">Universidad Internacional Libre de Guido Carli<\/span><\/a><span style=\"font-size: 14.0pt; font-family: 'Arial','sans-serif'; color: #222222;\">, adem\u00e1s de doctora por la\u00a0<\/span><a title=\"Universidad Pontificia de Santo Tom\u00e1s de Aquino\" href=\"https:\/\/es.wikipedia.org\/wiki\/Universidad_Pontificia_de_Santo_Tom%C3%A1s_de_Aquino\" target=\"_blank\" rel=\"noopener\"><span style=\"font-size: 14.0pt; font-family: 'Arial','sans-serif'; color: windowtext; text-decoration: none; text-underline: none;\">Universidad Pontificia de Santo Tom\u00e1s de Aquino<\/span><\/a><span style=\"font-size: 14.0pt; font-family: 'Arial','sans-serif'; color: #222222;\">, donde es profesora de Econom\u00eda del Bienestar y Sociolog\u00eda de los Procesos Econ\u00f3micos. Desde noviembre de 2021 es secretaria general de la Gobernaci\u00f3n de la Ciudad de Vaticano.<\/span><\/p>\n<p style=\"background: white;\"><span style=\"font-size: 14.0pt; font-family: 'Arial','sans-serif'; color: #222222;\">Se trata del m\u00e1s alto rango que hubiera alcanzado una mujer dentro de la jerarqu\u00eda de la Iglesia cat\u00f3lica, es equivalente al\u00a0puesto n\u00famero dos\u00a0<i>de facto<\/i>\u00a0del gobierno junto al gobernador, el arzobispo\u00a0<\/span><a title=\"Fernando V\u00e9rgez Alzaga\" href=\"https:\/\/es.wikipedia.org\/wiki\/Fernando_V%C3%A9rgez_Alzaga\" target=\"_blank\" rel=\"noopener\"><span style=\"font-size: 14.0pt; font-family: 'Arial','sans-serif'; color: windowtext; text-decoration: none; text-underline: none;\">Fernando V\u00e9rgez Alzaga<\/span><\/a><span style=\"font-size: 14.0pt; font-family: 'Arial','sans-serif'; color: #222222;\">.<\/span><\/p>\n<p style=\"background: white;\"><span style=\"font-size: 14.0pt; font-family: 'Arial','sans-serif'; color: #222222;\">Pertenece a la Congregaci\u00f3n de las Hermanas Franciscanas de la Eucarist\u00eda. Es licenciada en Ciencias Pol\u00edticas.<sup>\u00a0\u00a0<\/sup>Desde 2005 fue oficial de la Congregaci\u00f3n para la Evangelizaci\u00f3n de los Pueblos cuando fue designada por el\u00a0<\/span><a title=\"Francisco (papa)\" href=\"https:\/\/es.wikipedia.org\/wiki\/Francisco_(papa)\" target=\"_blank\" rel=\"noopener\"><span style=\"font-size: 14.0pt; font-family: 'Arial','sans-serif'; color: windowtext; text-decoration: none; text-underline: none;\">Papa Francisco<\/span><\/a><b><span style=\"font-size: 14.0pt; font-family: 'Arial','sans-serif'; color: #222222;\">\u00a0<\/span><\/b><span style=\"font-size: 14.0pt; font-family: 'Arial','sans-serif'; color: #222222;\">secretaria general de la Gobernaci\u00f3n de la Ciudad de Vaticano en noviembre de 2021. Su trabajo, similar al que tendr\u00eda una vicealcaldesa ser\u00e1 de gesti\u00f3n y operaciones administrativas, principalmente polic\u00eda, los bomberos, sanidad y organizaci\u00f3n de los\u00a0<\/span><a title=\"Museos Vaticanos\" href=\"https:\/\/es.wikipedia.org\/wiki\/Museos_Vaticanos\" target=\"_blank\" rel=\"noopener\"><span style=\"font-size: 14.0pt; font-family: 'Arial','sans-serif'; color: windowtext; text-decoration: none; text-underline: none;\">Museos Vaticanos<\/span><\/a><span style=\"font-size: 14.0pt; font-family: 'Arial','sans-serif'; color: #222222;\">. Se incorpora al equipo del nuevo gobernador, el arzobispo espa\u00f1ol\u00a0<\/span><a title=\"Fernando V\u00e9rgez Alzaga\" href=\"https:\/\/es.wikipedia.org\/wiki\/Fernando_V%C3%A9rgez_Alzaga\" target=\"_blank\" rel=\"noopener\"><span style=\"font-size: 14.0pt; font-family: 'Arial','sans-serif'; color: windowtext; text-decoration: none; text-underline: none;\">Fernando V\u00e9rgez Alzaga<\/span><\/a><span style=\"font-size: 14.0pt; font-family: 'Arial','sans-serif'; color: #222222;\">.<\/span><\/p>\n<p style=\"background: white;\"><span style=\"font-size: 14.0pt; font-family: 'Arial','sans-serif'; color: #222222;\">El 15 de febrero de 2025 se le nombr\u00f3 como la\u00a0<\/span><a title=\"Gobernaci\u00f3n del Estado de la Ciudad del Vaticano\" href=\"https:\/\/es.wikipedia.org\/wiki\/Gobernaci%C3%B3n_del_Estado_de_la_Ciudad_del_Vaticano\" target=\"_blank\" rel=\"noopener\"><span style=\"font-size: 14.0pt; font-family: 'Arial','sans-serif'; color: windowtext; text-decoration: none; text-underline: none;\">Gobernadora del Estado de la Ciudad del Vaticano<\/span><\/a><span style=\"font-size: 14.0pt; font-family: 'Arial','sans-serif'; color: #222222;\">, cargo que ocupar\u00e1 a partir del 1 de marzo de 2025.<\/span><\/p>\n<p style=\"background: white;\"><span style=\"font-size: 14.0pt; font-family: 'Arial','sans-serif'; color: #222222;\">La llegada de las mujeres a todos los \u00e1mbitos que ten\u00eda pr\u00e1cticamente prohibidos, muestra que hay equidad, que no haya actividad que desarrolle el hombre que la mujer no pueda realizar.<\/span><\/p>\n<p style=\"background: white;\"><span style=\"font-size: 14.0pt; font-family: 'Arial','sans-serif'; color: #222222;\">El legado del Papa Francisco hace historia, en un mundo convulsionado llega la mano de la mujer a marcar caminos diferentes y alternativas realmente novedosas donde el futuro de la Humanidad est\u00e1 asegurado.<\/span><\/p>\n","protected":false},"excerpt":{"rendered":"<p>La Iglesia cat\u00f3lica, una de las religiones m\u00e1s cerradas en cuanto al acceso de la mujer en su alta jerarqu\u00eda,<\/p>\n","protected":false},"author":4,"featured_media":57436,"comment_status":"closed","ping_status":"closed","sticky":false,"template":"","format":"standard","meta":{"colormag_page_container_layout":"default_layout","colormag_page_sidebar_layout":"default_layout","_jetpack_memberships_contains_paid_content":false,"footnotes":"","jetpack_publicize_message":"","jetpack_publicize_feature_enabled":true,"jetpack_social_post_already_shared":false,"jetpack_social_options":{"image_generator_settings":{"template":"highway","default_image_id":0,"font":"","enabled":false},"version":2}},"categories":[26],"tags":[],"class_list":["post-57435","post","type-post","status-publish","format-standard","has-post-thumbnail","hentry","category-columnistas"],"jetpack_publicize_connections":[],"jetpack_featured_media_url":"https:\/\/i0.wp.com\/politicosaldesnudo.com.mx\/wp-content\/uploads\/2025\/02\/Monja-Raffaella-Petrini.jpg?fit=1200%2C798&ssl=1","jetpack-related-posts":[],"jetpack_sharing_enabled":true,"_links":{"self":[{"href":"https:\/\/politicosaldesnudo.com.mx\/index.php\/wp-json\/wp\/v2\/posts\/57435","targetHints":{"allow":["GET"]}}],"collection":[{"href":"https:\/\/politicosaldesnudo.com.mx\/index.php\/wp-json\/wp\/v2\/posts"}],"about":[{"href":"https:\/\/politicosaldesnudo.com.mx\/index.php\/wp-json\/wp\/v2\/types\/post"}],"author":[{"embeddable":true,"href":"https:\/\/politicosaldesnudo.com.mx\/index.php\/wp-json\/wp\/v2\/users\/4"}],"replies":[{"embeddable":true,"href":"https:\/\/politicosaldesnudo.com.mx\/index.php\/wp-json\/wp\/v2\/comments?post=57435"}],"version-history":[{"count":0,"href":"https:\/\/politicosaldesnudo.com.mx\/index.php\/wp-json\/wp\/v2\/posts\/57435\/revisions"}],"wp:featuredmedia":[{"embeddable":true,"href":"https:\/\/politicosaldesnudo.com.mx\/index.php\/wp-json\/wp\/v2\/media\/57436"}],"wp:attachment":[{"href":"https:\/\/politicosaldesnudo.com.mx\/index.php\/wp-json\/wp\/v2\/media?parent=57435"}],"wp:term":[{"taxonomy":"category","embeddable":true,"href":"https:\/\/politicosaldesnudo.com.mx\/index.php\/wp-json\/wp\/v2\/categories?post=57435"},{"taxonomy":"post_tag","embeddable":true,"href":"https:\/\/politicosaldesnudo.com.mx\/index.php\/wp-json\/wp\/v2\/tags?post=57435"}],"curies":[{"name":"wp","href":"https:\/\/api.w.org\/{rel}","templated":true}]}}