{"id":57444,"date":"2025-02-24T20:36:42","date_gmt":"2025-02-25T02:36:42","guid":{"rendered":"https:\/\/politicosaldesnudo.com.mx\/?p=57444"},"modified":"2025-02-24T20:36:42","modified_gmt":"2025-02-25T02:36:42","slug":"tuxpan-conmemoro-el-dia-de-la-bandera-nacional-con-orgullo-y-patriotismo","status":"publish","type":"post","link":"https:\/\/politicosaldesnudo.com.mx\/index.php\/2025\/02\/24\/tuxpan-conmemoro-el-dia-de-la-bandera-nacional-con-orgullo-y-patriotismo\/","title":{"rendered":"Tuxpan conmemor\u00f3 el D\u00eda de la Bandera Nacional con orgullo y patriotismo"},"content":{"rendered":"<p>Tuxpan, Ver., 24 de febrero de 2025.- Con una Ceremonia de Abanderamiento de Escoltas, realizada en la explanada municipal, autoridades civiles, navales y militares conmemoraron el D\u00eda de la Bandera Nacional, s\u00edmbolo de la unidad y amor por nuestra patria.<\/p>\n<p><img data-recalc-dims=\"1\" loading=\"lazy\" decoding=\"async\" class=\"aligncenter size-large wp-image-57454\" src=\"https:\/\/i0.wp.com\/politicosaldesnudo.com.mx\/wp-content\/uploads\/2025\/02\/WhatsApp-Image-2025-02-24-at-13.04.22-1024x576.jpeg?resize=800%2C450&#038;ssl=1\" alt=\"\" width=\"800\" height=\"450\" srcset=\"https:\/\/i0.wp.com\/politicosaldesnudo.com.mx\/wp-content\/uploads\/2025\/02\/WhatsApp-Image-2025-02-24-at-13.04.22.jpeg?resize=1024%2C576&amp;ssl=1 1024w, https:\/\/i0.wp.com\/politicosaldesnudo.com.mx\/wp-content\/uploads\/2025\/02\/WhatsApp-Image-2025-02-24-at-13.04.22.jpeg?resize=300%2C169&amp;ssl=1 300w, https:\/\/i0.wp.com\/politicosaldesnudo.com.mx\/wp-content\/uploads\/2025\/02\/WhatsApp-Image-2025-02-24-at-13.04.22.jpeg?resize=768%2C432&amp;ssl=1 768w, https:\/\/i0.wp.com\/politicosaldesnudo.com.mx\/wp-content\/uploads\/2025\/02\/WhatsApp-Image-2025-02-24-at-13.04.22.jpeg?resize=1536%2C864&amp;ssl=1 1536w, https:\/\/i0.wp.com\/politicosaldesnudo.com.mx\/wp-content\/uploads\/2025\/02\/WhatsApp-Image-2025-02-24-at-13.04.22.jpeg?w=1600&amp;ssl=1 1600w\" sizes=\"auto, (max-width: 800px) 100vw, 800px\" \/><\/p>\n<p>Participaron escoltas de diversas escuelas primarias y secundarias, que en este acto reforzaron su identidad nacional.<\/p>\n<p><img data-recalc-dims=\"1\" loading=\"lazy\" decoding=\"async\" class=\"aligncenter size-large wp-image-57452\" src=\"https:\/\/i0.wp.com\/politicosaldesnudo.com.mx\/wp-content\/uploads\/2025\/02\/WhatsApp-Image-2025-02-24-at-13.04.21-7-1024x681.jpeg?resize=800%2C532&#038;ssl=1\" alt=\"\" width=\"800\" height=\"532\" srcset=\"https:\/\/i0.wp.com\/politicosaldesnudo.com.mx\/wp-content\/uploads\/2025\/02\/WhatsApp-Image-2025-02-24-at-13.04.21-7.jpeg?resize=1024%2C681&amp;ssl=1 1024w, https:\/\/i0.wp.com\/politicosaldesnudo.com.mx\/wp-content\/uploads\/2025\/02\/WhatsApp-Image-2025-02-24-at-13.04.21-7.jpeg?resize=300%2C200&amp;ssl=1 300w, https:\/\/i0.wp.com\/politicosaldesnudo.com.mx\/wp-content\/uploads\/2025\/02\/WhatsApp-Image-2025-02-24-at-13.04.21-7.jpeg?resize=768%2C511&amp;ssl=1 768w, https:\/\/i0.wp.com\/politicosaldesnudo.com.mx\/wp-content\/uploads\/2025\/02\/WhatsApp-Image-2025-02-24-at-13.04.21-7.jpeg?resize=1536%2C1021&amp;ssl=1 1536w, https:\/\/i0.wp.com\/politicosaldesnudo.com.mx\/wp-content\/uploads\/2025\/02\/WhatsApp-Image-2025-02-24-at-13.04.21-7.jpeg?w=1600&amp;ssl=1 1600w\" sizes=\"auto, (max-width: 800px) 100vw, 800px\" \/><\/p>\n<p>El pres\u00eddium estuvo integrado por el presidente municipal Dr. Jes\u00fas Fomperoza Torres; el Gral. Bgda. de Estado Mayor Jorge Antonio Maldonado Guevara, comandante de la 19\u00aa Zona Militar; el vicealmirante CG DEM Benito Armando Galeana Abarca, comandante de la Fuerza Naval del Golfo; el contralmirante aeron\u00e1utica naval piloto aviador de Estado Mayor Jos\u00e9 Hermilo Cuervo Salas, comandante del Sector Naval.<\/p>\n<p><img data-recalc-dims=\"1\" loading=\"lazy\" decoding=\"async\" class=\"aligncenter size-large wp-image-57451\" src=\"https:\/\/i0.wp.com\/politicosaldesnudo.com.mx\/wp-content\/uploads\/2025\/02\/WhatsApp-Image-2025-02-24-at-13.04.21-6-1024x576.jpeg?resize=800%2C450&#038;ssl=1\" alt=\"\" width=\"800\" height=\"450\" srcset=\"https:\/\/i0.wp.com\/politicosaldesnudo.com.mx\/wp-content\/uploads\/2025\/02\/WhatsApp-Image-2025-02-24-at-13.04.21-6.jpeg?resize=1024%2C576&amp;ssl=1 1024w, https:\/\/i0.wp.com\/politicosaldesnudo.com.mx\/wp-content\/uploads\/2025\/02\/WhatsApp-Image-2025-02-24-at-13.04.21-6.jpeg?resize=300%2C169&amp;ssl=1 300w, https:\/\/i0.wp.com\/politicosaldesnudo.com.mx\/wp-content\/uploads\/2025\/02\/WhatsApp-Image-2025-02-24-at-13.04.21-6.jpeg?resize=768%2C432&amp;ssl=1 768w, https:\/\/i0.wp.com\/politicosaldesnudo.com.mx\/wp-content\/uploads\/2025\/02\/WhatsApp-Image-2025-02-24-at-13.04.21-6.jpeg?resize=1536%2C864&amp;ssl=1 1536w, https:\/\/i0.wp.com\/politicosaldesnudo.com.mx\/wp-content\/uploads\/2025\/02\/WhatsApp-Image-2025-02-24-at-13.04.21-6.jpeg?w=1600&amp;ssl=1 1600w\" sizes=\"auto, (max-width: 800px) 100vw, 800px\" \/><\/p>\n<p>De la misma manera el diputado local por el tercer distrito, Lic. Daniel Cortina Mart\u00ednez; la Lic. Alma Cristal Rivera Pacheco, fiscal regional zona norte de la Fiscal\u00eda General del Estado; el Lic. Ram\u00f3n Estrada Rodr\u00edguez, subdelegado de Procedimientos Penales de la Fiscal\u00eda General de la Rep\u00fablica; el Cap. Fgta. Guillermo Alan V\u00e1zquez Guti\u00e9rrez, secretario de Seguridad P\u00fablica Municipal, y el Prof. Jorge Arturo Garc\u00eda Robles, director de Educaci\u00f3n.<\/p>\n<p><img data-recalc-dims=\"1\" loading=\"lazy\" decoding=\"async\" class=\"aligncenter size-large wp-image-57450\" src=\"https:\/\/i0.wp.com\/politicosaldesnudo.com.mx\/wp-content\/uploads\/2025\/02\/WhatsApp-Image-2025-02-24-at-13.04.21-5-1024x682.jpeg?resize=800%2C533&#038;ssl=1\" alt=\"\" width=\"800\" height=\"533\" srcset=\"https:\/\/i0.wp.com\/politicosaldesnudo.com.mx\/wp-content\/uploads\/2025\/02\/WhatsApp-Image-2025-02-24-at-13.04.21-5.jpeg?resize=1024%2C682&amp;ssl=1 1024w, https:\/\/i0.wp.com\/politicosaldesnudo.com.mx\/wp-content\/uploads\/2025\/02\/WhatsApp-Image-2025-02-24-at-13.04.21-5.jpeg?resize=300%2C200&amp;ssl=1 300w, https:\/\/i0.wp.com\/politicosaldesnudo.com.mx\/wp-content\/uploads\/2025\/02\/WhatsApp-Image-2025-02-24-at-13.04.21-5.jpeg?resize=768%2C512&amp;ssl=1 768w, https:\/\/i0.wp.com\/politicosaldesnudo.com.mx\/wp-content\/uploads\/2025\/02\/WhatsApp-Image-2025-02-24-at-13.04.21-5.jpeg?resize=1536%2C1023&amp;ssl=1 1536w, https:\/\/i0.wp.com\/politicosaldesnudo.com.mx\/wp-content\/uploads\/2025\/02\/WhatsApp-Image-2025-02-24-at-13.04.21-5.jpeg?w=1600&amp;ssl=1 1600w\" sizes=\"auto, (max-width: 800px) 100vw, 800px\" \/><\/p>\n<p>En su mensaje, el presidente municipal Dr. Jes\u00fas Fomperoza exalt\u00f3 el sentimiento de orgullo y veneraci\u00f3n a la Ense\u00f1a Nacional:<br \/>\n\u201cEs el s\u00edmbolo patrio que representa nuestra identidad, nuestra historia y nuestros m\u00e1s altos valores como naci\u00f3n. A lo largo de la historia, el pabell\u00f3n tricolor ha sido testigo de la valent\u00eda y la determinaci\u00f3n de quienes han luchado por la soberan\u00eda, la justicia y la libertad\u201d.<\/p>\n<p><img data-recalc-dims=\"1\" loading=\"lazy\" decoding=\"async\" class=\"aligncenter size-large wp-image-57449\" src=\"https:\/\/i0.wp.com\/politicosaldesnudo.com.mx\/wp-content\/uploads\/2025\/02\/WhatsApp-Image-2025-02-24-at-13.04.21-4-1024x576.jpeg?resize=800%2C450&#038;ssl=1\" alt=\"\" width=\"800\" height=\"450\" srcset=\"https:\/\/i0.wp.com\/politicosaldesnudo.com.mx\/wp-content\/uploads\/2025\/02\/WhatsApp-Image-2025-02-24-at-13.04.21-4.jpeg?resize=1024%2C576&amp;ssl=1 1024w, https:\/\/i0.wp.com\/politicosaldesnudo.com.mx\/wp-content\/uploads\/2025\/02\/WhatsApp-Image-2025-02-24-at-13.04.21-4.jpeg?resize=300%2C169&amp;ssl=1 300w, https:\/\/i0.wp.com\/politicosaldesnudo.com.mx\/wp-content\/uploads\/2025\/02\/WhatsApp-Image-2025-02-24-at-13.04.21-4.jpeg?resize=768%2C432&amp;ssl=1 768w, https:\/\/i0.wp.com\/politicosaldesnudo.com.mx\/wp-content\/uploads\/2025\/02\/WhatsApp-Image-2025-02-24-at-13.04.21-4.jpeg?resize=1536%2C864&amp;ssl=1 1536w, https:\/\/i0.wp.com\/politicosaldesnudo.com.mx\/wp-content\/uploads\/2025\/02\/WhatsApp-Image-2025-02-24-at-13.04.21-4.jpeg?w=1600&amp;ssl=1 1600w\" sizes=\"auto, (max-width: 800px) 100vw, 800px\" \/><\/p>\n<p>\u201cEsta hermosa bandera, que es la m\u00e1s bonita del mundo, es un elemento unificador del pueblo mexicano, porque representa valor, unidad y patriotismo\u201d, expres\u00f3.<\/p>\n<p><img data-recalc-dims=\"1\" loading=\"lazy\" decoding=\"async\" class=\"aligncenter size-large wp-image-57448\" src=\"https:\/\/i0.wp.com\/politicosaldesnudo.com.mx\/wp-content\/uploads\/2025\/02\/WhatsApp-Image-2025-02-24-at-13.04.21-3-1024x576.jpeg?resize=800%2C450&#038;ssl=1\" alt=\"\" width=\"800\" height=\"450\" srcset=\"https:\/\/i0.wp.com\/politicosaldesnudo.com.mx\/wp-content\/uploads\/2025\/02\/WhatsApp-Image-2025-02-24-at-13.04.21-3.jpeg?resize=1024%2C576&amp;ssl=1 1024w, https:\/\/i0.wp.com\/politicosaldesnudo.com.mx\/wp-content\/uploads\/2025\/02\/WhatsApp-Image-2025-02-24-at-13.04.21-3.jpeg?resize=300%2C169&amp;ssl=1 300w, https:\/\/i0.wp.com\/politicosaldesnudo.com.mx\/wp-content\/uploads\/2025\/02\/WhatsApp-Image-2025-02-24-at-13.04.21-3.jpeg?resize=768%2C432&amp;ssl=1 768w, https:\/\/i0.wp.com\/politicosaldesnudo.com.mx\/wp-content\/uploads\/2025\/02\/WhatsApp-Image-2025-02-24-at-13.04.21-3.jpeg?resize=1536%2C864&amp;ssl=1 1536w, https:\/\/i0.wp.com\/politicosaldesnudo.com.mx\/wp-content\/uploads\/2025\/02\/WhatsApp-Image-2025-02-24-at-13.04.21-3.jpeg?w=1600&amp;ssl=1 1600w\" sizes=\"auto, (max-width: 800px) 100vw, 800px\" \/><\/p>\n<p>\u201cHonrar nuestra bandera significa respetarla en todo momento y reconocer lo que simboliza para quienes somos orgullosamente mexicanos. \u00a1Que Viva Nuestra Bandera Nacional!\u201d.<\/p>\n<p><img data-recalc-dims=\"1\" loading=\"lazy\" decoding=\"async\" class=\"aligncenter size-large wp-image-57447\" src=\"https:\/\/i0.wp.com\/politicosaldesnudo.com.mx\/wp-content\/uploads\/2025\/02\/WhatsApp-Image-2025-02-24-at-13.04.21-2-1024x682.jpeg?resize=800%2C533&#038;ssl=1\" alt=\"\" width=\"800\" height=\"533\" srcset=\"https:\/\/i0.wp.com\/politicosaldesnudo.com.mx\/wp-content\/uploads\/2025\/02\/WhatsApp-Image-2025-02-24-at-13.04.21-2.jpeg?resize=1024%2C682&amp;ssl=1 1024w, https:\/\/i0.wp.com\/politicosaldesnudo.com.mx\/wp-content\/uploads\/2025\/02\/WhatsApp-Image-2025-02-24-at-13.04.21-2.jpeg?resize=300%2C200&amp;ssl=1 300w, https:\/\/i0.wp.com\/politicosaldesnudo.com.mx\/wp-content\/uploads\/2025\/02\/WhatsApp-Image-2025-02-24-at-13.04.21-2.jpeg?resize=768%2C512&amp;ssl=1 768w, https:\/\/i0.wp.com\/politicosaldesnudo.com.mx\/wp-content\/uploads\/2025\/02\/WhatsApp-Image-2025-02-24-at-13.04.21-2.jpeg?resize=1536%2C1023&amp;ssl=1 1536w, https:\/\/i0.wp.com\/politicosaldesnudo.com.mx\/wp-content\/uploads\/2025\/02\/WhatsApp-Image-2025-02-24-at-13.04.21-2.jpeg?w=1600&amp;ssl=1 1600w\" sizes=\"auto, (max-width: 800px) 100vw, 800px\" \/><\/p>\n<p>En el acto, alumnas y alumnos de la escuela primaria Venustiano Carranza presentaron una remembranza acerca de la historia de nuestro l\u00e1baro patrio, as\u00ed como una poes\u00eda titulada \u201cLa Bandera\u201d.<\/p>\n<p><img data-recalc-dims=\"1\" loading=\"lazy\" decoding=\"async\" class=\"aligncenter size-large wp-image-57446\" src=\"https:\/\/i0.wp.com\/politicosaldesnudo.com.mx\/wp-content\/uploads\/2025\/02\/WhatsApp-Image-2025-02-24-at-13.04.21-1-929x1024.jpeg?resize=800%2C882&#038;ssl=1\" alt=\"\" width=\"800\" height=\"882\" srcset=\"https:\/\/i0.wp.com\/politicosaldesnudo.com.mx\/wp-content\/uploads\/2025\/02\/WhatsApp-Image-2025-02-24-at-13.04.21-1.jpeg?resize=929%2C1024&amp;ssl=1 929w, https:\/\/i0.wp.com\/politicosaldesnudo.com.mx\/wp-content\/uploads\/2025\/02\/WhatsApp-Image-2025-02-24-at-13.04.21-1.jpeg?resize=272%2C300&amp;ssl=1 272w, https:\/\/i0.wp.com\/politicosaldesnudo.com.mx\/wp-content\/uploads\/2025\/02\/WhatsApp-Image-2025-02-24-at-13.04.21-1.jpeg?resize=768%2C847&amp;ssl=1 768w, https:\/\/i0.wp.com\/politicosaldesnudo.com.mx\/wp-content\/uploads\/2025\/02\/WhatsApp-Image-2025-02-24-at-13.04.21-1.jpeg?resize=1393%2C1536&amp;ssl=1 1393w, https:\/\/i0.wp.com\/politicosaldesnudo.com.mx\/wp-content\/uploads\/2025\/02\/WhatsApp-Image-2025-02-24-at-13.04.21-1.jpeg?w=1451&amp;ssl=1 1451w\" sizes=\"auto, (max-width: 800px) 100vw, 800px\" \/><\/p>\n<p>A la ceremonia tambi\u00e9n asistieron la s\u00edndica \u00fanica del Ayuntamiento de Tuxpan, Mtra. Beatriz Pi\u00f1a Vergara; las regidoras y los regidores Amado Guti\u00e9rrez Lima, Mar\u00eda del Pilar Mart\u00ednez Matesanz, Maryanela Monroy Flores, Anah\u00ed Aguilar L\u00f3pez, Juan G\u00f3mez Garc\u00eda, Lucero Res\u00e9ndis Ambrocio y Luis Demetrio L\u00f3pez Mar\u00edn. Asimismo, personal directivo y docente y padres de familia de las diferentes instituciones educativas.<\/p>\n<p><img data-recalc-dims=\"1\" loading=\"lazy\" decoding=\"async\" class=\"aligncenter size-large wp-image-57445\" src=\"https:\/\/i0.wp.com\/politicosaldesnudo.com.mx\/wp-content\/uploads\/2025\/02\/WhatsApp-Image-2025-02-24-at-13.04.20-1024x708.jpeg?resize=800%2C553&#038;ssl=1\" alt=\"\" width=\"800\" height=\"553\" srcset=\"https:\/\/i0.wp.com\/politicosaldesnudo.com.mx\/wp-content\/uploads\/2025\/02\/WhatsApp-Image-2025-02-24-at-13.04.20.jpeg?resize=1024%2C708&amp;ssl=1 1024w, https:\/\/i0.wp.com\/politicosaldesnudo.com.mx\/wp-content\/uploads\/2025\/02\/WhatsApp-Image-2025-02-24-at-13.04.20.jpeg?resize=300%2C208&amp;ssl=1 300w, https:\/\/i0.wp.com\/politicosaldesnudo.com.mx\/wp-content\/uploads\/2025\/02\/WhatsApp-Image-2025-02-24-at-13.04.20.jpeg?resize=768%2C531&amp;ssl=1 768w, https:\/\/i0.wp.com\/politicosaldesnudo.com.mx\/wp-content\/uploads\/2025\/02\/WhatsApp-Image-2025-02-24-at-13.04.20.jpeg?resize=1536%2C1063&amp;ssl=1 1536w, https:\/\/i0.wp.com\/politicosaldesnudo.com.mx\/wp-content\/uploads\/2025\/02\/WhatsApp-Image-2025-02-24-at-13.04.20.jpeg?resize=392%2C272&amp;ssl=1 392w, https:\/\/i0.wp.com\/politicosaldesnudo.com.mx\/wp-content\/uploads\/2025\/02\/WhatsApp-Image-2025-02-24-at-13.04.20.jpeg?resize=130%2C90&amp;ssl=1 130w, https:\/\/i0.wp.com\/politicosaldesnudo.com.mx\/wp-content\/uploads\/2025\/02\/WhatsApp-Image-2025-02-24-at-13.04.20.jpeg?w=1600&amp;ssl=1 1600w\" sizes=\"auto, (max-width: 800px) 100vw, 800px\" \/><\/p>\n<p>&nbsp;<\/p>\n","protected":false},"excerpt":{"rendered":"<p>Tuxpan, Ver., 24 de febrero de 2025.- Con una Ceremonia de Abanderamiento de Escoltas, realizada en la explanada municipal, autoridades<\/p>\n","protected":false},"author":4,"featured_media":57453,"comment_status":"closed","ping_status":"closed","sticky":false,"template":"","format":"standard","meta":{"colormag_page_container_layout":"default_layout","colormag_page_sidebar_layout":"default_layout","_jetpack_memberships_contains_paid_content":false,"footnotes":"","jetpack_publicize_message":"","jetpack_publicize_feature_enabled":true,"jetpack_social_post_already_shared":false,"jetpack_social_options":{"image_generator_settings":{"template":"highway","default_image_id":0,"font":"","enabled":false},"version":2}},"categories":[3205,1082],"tags":[],"class_list":["post-57444","post","type-post","status-publish","format-standard","has-post-thumbnail","hentry","category-gobierno-tuxpan","category-tuxpan"],"jetpack_publicize_connections":[],"jetpack_featured_media_url":"https:\/\/i0.wp.com\/politicosaldesnudo.com.mx\/wp-content\/uploads\/2025\/02\/WhatsApp-Image-2025-02-24-at-13.04.21.jpeg?fit=1600%2C900&ssl=1","jetpack-related-posts":[],"jetpack_sharing_enabled":true,"_links":{"self":[{"href":"https:\/\/politicosaldesnudo.com.mx\/index.php\/wp-json\/wp\/v2\/posts\/57444","targetHints":{"allow":["GET"]}}],"collection":[{"href":"https:\/\/politicosaldesnudo.com.mx\/index.php\/wp-json\/wp\/v2\/posts"}],"about":[{"href":"https:\/\/politicosaldesnudo.com.mx\/index.php\/wp-json\/wp\/v2\/types\/post"}],"author":[{"embeddable":true,"href":"https:\/\/politicosaldesnudo.com.mx\/index.php\/wp-json\/wp\/v2\/users\/4"}],"replies":[{"embeddable":true,"href":"https:\/\/politicosaldesnudo.com.mx\/index.php\/wp-json\/wp\/v2\/comments?post=57444"}],"version-history":[{"count":0,"href":"https:\/\/politicosaldesnudo.com.mx\/index.php\/wp-json\/wp\/v2\/posts\/57444\/revisions"}],"wp:featuredmedia":[{"embeddable":true,"href":"https:\/\/politicosaldesnudo.com.mx\/index.php\/wp-json\/wp\/v2\/media\/57453"}],"wp:attachment":[{"href":"https:\/\/politicosaldesnudo.com.mx\/index.php\/wp-json\/wp\/v2\/media?parent=57444"}],"wp:term":[{"taxonomy":"category","embeddable":true,"href":"https:\/\/politicosaldesnudo.com.mx\/index.php\/wp-json\/wp\/v2\/categories?post=57444"},{"taxonomy":"post_tag","embeddable":true,"href":"https:\/\/politicosaldesnudo.com.mx\/index.php\/wp-json\/wp\/v2\/tags?post=57444"}],"curies":[{"name":"wp","href":"https:\/\/api.w.org\/{rel}","templated":true}]}}