{"id":57456,"date":"2025-02-24T20:44:58","date_gmt":"2025-02-25T02:44:58","guid":{"rendered":"https:\/\/politicosaldesnudo.com.mx\/?p=57456"},"modified":"2025-02-24T20:44:58","modified_gmt":"2025-02-25T02:44:58","slug":"se-suman-otros-10-camiones-recolectores-de-basura-a-la-limpia-publica-de-tuxpan-con-lo-que-se-mejorara-el-servicio","status":"publish","type":"post","link":"https:\/\/politicosaldesnudo.com.mx\/index.php\/2025\/02\/24\/se-suman-otros-10-camiones-recolectores-de-basura-a-la-limpia-publica-de-tuxpan-con-lo-que-se-mejorara-el-servicio\/","title":{"rendered":"Se suman otros 10 camiones recolectores de basura a la limpia p\u00fablica de Tuxpan, con lo que se mejorar\u00e1 el servicio"},"content":{"rendered":"<p>Tuxpan, Ver., 24 de febrero de 2025.- El presidente municipal Dr. Jes\u00fas Fomperoza Torres e integrantes del cuerpo edilicio entregaron y pusieron en operaci\u00f3n 10 camiones recolectores de basura, que a partir de hoy se incorporan al servicio de Limpia P\u00fablica.<\/p>\n<p><img data-recalc-dims=\"1\" loading=\"lazy\" decoding=\"async\" class=\"aligncenter size-large wp-image-57461\" src=\"https:\/\/i0.wp.com\/politicosaldesnudo.com.mx\/wp-content\/uploads\/2025\/02\/WhatsApp-Image-2025-02-24-at-15.03.58-1024x576.jpeg?resize=800%2C450&#038;ssl=1\" alt=\"\" width=\"800\" height=\"450\" srcset=\"https:\/\/i0.wp.com\/politicosaldesnudo.com.mx\/wp-content\/uploads\/2025\/02\/WhatsApp-Image-2025-02-24-at-15.03.58.jpeg?resize=1024%2C576&amp;ssl=1 1024w, https:\/\/i0.wp.com\/politicosaldesnudo.com.mx\/wp-content\/uploads\/2025\/02\/WhatsApp-Image-2025-02-24-at-15.03.58.jpeg?resize=300%2C169&amp;ssl=1 300w, https:\/\/i0.wp.com\/politicosaldesnudo.com.mx\/wp-content\/uploads\/2025\/02\/WhatsApp-Image-2025-02-24-at-15.03.58.jpeg?resize=768%2C432&amp;ssl=1 768w, https:\/\/i0.wp.com\/politicosaldesnudo.com.mx\/wp-content\/uploads\/2025\/02\/WhatsApp-Image-2025-02-24-at-15.03.58.jpeg?w=1500&amp;ssl=1 1500w\" sizes=\"auto, (max-width: 800px) 100vw, 800px\" \/><\/p>\n<p>El objetivo, se\u00f1al\u00f3 el alcalde, es brindar un excelente servicio de recolecci\u00f3n de basura en el municipio, ya que estos camiones son de modelo m\u00e1s reciente y cuentan con mayor capacidad.<\/p>\n<p><img data-recalc-dims=\"1\" loading=\"lazy\" decoding=\"async\" class=\"aligncenter size-large wp-image-57460\" src=\"https:\/\/i0.wp.com\/politicosaldesnudo.com.mx\/wp-content\/uploads\/2025\/02\/WhatsApp-Image-2025-02-24-at-15.03.58-3-768x1024.jpeg?resize=768%2C1024&#038;ssl=1\" alt=\"\" width=\"768\" height=\"1024\" srcset=\"https:\/\/i0.wp.com\/politicosaldesnudo.com.mx\/wp-content\/uploads\/2025\/02\/WhatsApp-Image-2025-02-24-at-15.03.58-3.jpeg?resize=768%2C1024&amp;ssl=1 768w, https:\/\/i0.wp.com\/politicosaldesnudo.com.mx\/wp-content\/uploads\/2025\/02\/WhatsApp-Image-2025-02-24-at-15.03.58-3.jpeg?resize=225%2C300&amp;ssl=1 225w, https:\/\/i0.wp.com\/politicosaldesnudo.com.mx\/wp-content\/uploads\/2025\/02\/WhatsApp-Image-2025-02-24-at-15.03.58-3.jpeg?resize=1152%2C1536&amp;ssl=1 1152w, https:\/\/i0.wp.com\/politicosaldesnudo.com.mx\/wp-content\/uploads\/2025\/02\/WhatsApp-Image-2025-02-24-at-15.03.58-3.jpeg?w=1200&amp;ssl=1 1200w\" sizes=\"auto, (max-width: 768px) 100vw, 768px\" \/><\/p>\n<p>Indic\u00f3 que ahora son 14 camiones lo que estar\u00e1n en funcionamiento, con lo que se tendr\u00e1 una cobertura m\u00e1s amplia.<\/p>\n<p><img data-recalc-dims=\"1\" loading=\"lazy\" decoding=\"async\" class=\"aligncenter size-large wp-image-57459\" src=\"https:\/\/i0.wp.com\/politicosaldesnudo.com.mx\/wp-content\/uploads\/2025\/02\/WhatsApp-Image-2025-02-24-at-15.03.58-2-1024x576.jpeg?resize=800%2C450&#038;ssl=1\" alt=\"\" width=\"800\" height=\"450\" srcset=\"https:\/\/i0.wp.com\/politicosaldesnudo.com.mx\/wp-content\/uploads\/2025\/02\/WhatsApp-Image-2025-02-24-at-15.03.58-2.jpeg?resize=1024%2C576&amp;ssl=1 1024w, https:\/\/i0.wp.com\/politicosaldesnudo.com.mx\/wp-content\/uploads\/2025\/02\/WhatsApp-Image-2025-02-24-at-15.03.58-2.jpeg?resize=300%2C169&amp;ssl=1 300w, https:\/\/i0.wp.com\/politicosaldesnudo.com.mx\/wp-content\/uploads\/2025\/02\/WhatsApp-Image-2025-02-24-at-15.03.58-2.jpeg?resize=768%2C432&amp;ssl=1 768w, https:\/\/i0.wp.com\/politicosaldesnudo.com.mx\/wp-content\/uploads\/2025\/02\/WhatsApp-Image-2025-02-24-at-15.03.58-2.jpeg?w=1500&amp;ssl=1 1500w\" sizes=\"auto, (max-width: 800px) 100vw, 800px\" \/><\/p>\n<p>Estuvieron acompa\u00f1ando al alcalde en esta entrega las regidoras y los regidores Amado Guti\u00e9rrez Lima, Mar\u00eda del Pilar Mart\u00ednez Matesanz, Maryanela Monroy Flores, Anah\u00ed Aguilar L\u00f3pez, Juan G\u00f3mez Garc\u00eda, Lucero Res\u00e9ndis Ambrocio y Luis Demetrio L\u00f3pez Mar\u00edn.<\/p>\n<p><img data-recalc-dims=\"1\" loading=\"lazy\" decoding=\"async\" class=\"aligncenter size-large wp-image-57458\" src=\"https:\/\/i0.wp.com\/politicosaldesnudo.com.mx\/wp-content\/uploads\/2025\/02\/WhatsApp-Image-2025-02-24-at-15.03.58-1-1024x655.jpeg?resize=800%2C512&#038;ssl=1\" alt=\"\" width=\"800\" height=\"512\" srcset=\"https:\/\/i0.wp.com\/politicosaldesnudo.com.mx\/wp-content\/uploads\/2025\/02\/WhatsApp-Image-2025-02-24-at-15.03.58-1.jpeg?resize=1024%2C655&amp;ssl=1 1024w, https:\/\/i0.wp.com\/politicosaldesnudo.com.mx\/wp-content\/uploads\/2025\/02\/WhatsApp-Image-2025-02-24-at-15.03.58-1.jpeg?resize=300%2C192&amp;ssl=1 300w, https:\/\/i0.wp.com\/politicosaldesnudo.com.mx\/wp-content\/uploads\/2025\/02\/WhatsApp-Image-2025-02-24-at-15.03.58-1.jpeg?resize=768%2C491&amp;ssl=1 768w, https:\/\/i0.wp.com\/politicosaldesnudo.com.mx\/wp-content\/uploads\/2025\/02\/WhatsApp-Image-2025-02-24-at-15.03.58-1.jpeg?w=1320&amp;ssl=1 1320w\" sizes=\"auto, (max-width: 800px) 100vw, 800px\" \/><\/p>\n","protected":false},"excerpt":{"rendered":"<p>Tuxpan, Ver., 24 de febrero de 2025.- El presidente municipal Dr. Jes\u00fas Fomperoza Torres e integrantes del cuerpo edilicio entregaron<\/p>\n","protected":false},"author":4,"featured_media":57457,"comment_status":"closed","ping_status":"closed","sticky":false,"template":"","format":"standard","meta":{"colormag_page_container_layout":"default_layout","colormag_page_sidebar_layout":"default_layout","_jetpack_memberships_contains_paid_content":false,"footnotes":"","jetpack_publicize_message":"","jetpack_publicize_feature_enabled":true,"jetpack_social_post_already_shared":false,"jetpack_social_options":{"image_generator_settings":{"template":"highway","default_image_id":0,"font":"","enabled":false},"version":2}},"categories":[3205,1082],"tags":[],"class_list":["post-57456","post","type-post","status-publish","format-standard","has-post-thumbnail","hentry","category-gobierno-tuxpan","category-tuxpan"],"jetpack_publicize_connections":[],"jetpack_featured_media_url":"https:\/\/i0.wp.com\/politicosaldesnudo.com.mx\/wp-content\/uploads\/2025\/02\/WhatsApp-Image-2025-02-24-at-15.03.57.jpeg?fit=1600%2C900&ssl=1","jetpack-related-posts":[],"jetpack_sharing_enabled":true,"_links":{"self":[{"href":"https:\/\/politicosaldesnudo.com.mx\/index.php\/wp-json\/wp\/v2\/posts\/57456","targetHints":{"allow":["GET"]}}],"collection":[{"href":"https:\/\/politicosaldesnudo.com.mx\/index.php\/wp-json\/wp\/v2\/posts"}],"about":[{"href":"https:\/\/politicosaldesnudo.com.mx\/index.php\/wp-json\/wp\/v2\/types\/post"}],"author":[{"embeddable":true,"href":"https:\/\/politicosaldesnudo.com.mx\/index.php\/wp-json\/wp\/v2\/users\/4"}],"replies":[{"embeddable":true,"href":"https:\/\/politicosaldesnudo.com.mx\/index.php\/wp-json\/wp\/v2\/comments?post=57456"}],"version-history":[{"count":0,"href":"https:\/\/politicosaldesnudo.com.mx\/index.php\/wp-json\/wp\/v2\/posts\/57456\/revisions"}],"wp:featuredmedia":[{"embeddable":true,"href":"https:\/\/politicosaldesnudo.com.mx\/index.php\/wp-json\/wp\/v2\/media\/57457"}],"wp:attachment":[{"href":"https:\/\/politicosaldesnudo.com.mx\/index.php\/wp-json\/wp\/v2\/media?parent=57456"}],"wp:term":[{"taxonomy":"category","embeddable":true,"href":"https:\/\/politicosaldesnudo.com.mx\/index.php\/wp-json\/wp\/v2\/categories?post=57456"},{"taxonomy":"post_tag","embeddable":true,"href":"https:\/\/politicosaldesnudo.com.mx\/index.php\/wp-json\/wp\/v2\/tags?post=57456"}],"curies":[{"name":"wp","href":"https:\/\/api.w.org\/{rel}","templated":true}]}}