{"id":57470,"date":"2025-02-25T00:01:31","date_gmt":"2025-02-25T06:01:31","guid":{"rendered":"https:\/\/politicosaldesnudo.com.mx\/?p=57470"},"modified":"2025-02-24T20:58:29","modified_gmt":"2025-02-25T02:58:29","slug":"llevan-talleres-a-secundarias","status":"publish","type":"post","link":"https:\/\/politicosaldesnudo.com.mx\/index.php\/2025\/02\/25\/llevan-talleres-a-secundarias\/","title":{"rendered":"Llevan talleres a Secundarias"},"content":{"rendered":"<p>Diversos estudiantes son beneficiados con el Taller de Formaci\u00f3n de Habilidades para la Vida, impartido por la psic\u00f3loga Rosalinda Sequera Gallardo del \u00e1rea de Salud Mental de la Jurisdicci\u00f3n Sanitaria n\u00famero dos de este municipio.<\/p>\n<p>En la escuela Telesecundaria Manlio Fabio Altamirado, tanto docentes como estudiantes pudieron participar de esta actividad, que ayuda a los j\u00f3venes a mejorar su toma de decisiones, mejorar su autoestima, entre otros.<\/p>\n<p>El taller, que tuvo como objetivo proporcionar herramientas a los j\u00f3venes para enfrentar los desaf\u00edos de la vida diaria, abord\u00f3 temas como el manejo de emociones, la resoluci\u00f3n de conflictos, la comunicaci\u00f3n asertiva y la toma de decisiones responsables.<\/p>\n<p>La psic\u00f3loga Sequera Gallardo destac\u00f3 la importancia de este tipo de iniciativas para promover el bienestar emocional y social de los estudiantes, y se\u00f1al\u00f3 que las habilidades adquiridas durante el taller les ser\u00e1n de gran utilidad en su desarrollo personal y acad\u00e9mico.<\/p>\n<p>Los participantes expresaron su agradecimiento por la oportunidad de participar en el taller, y destacaron la relevancia de los temas abordados y la calidad de la facilitaci\u00f3n.<\/p>\n<p>Autoridades educativas y de salud reafirmaron su compromiso con la promoci\u00f3n de la salud mental en la comunidad, y anuncian que continuar\u00e1n realizando este tipo de actividades en beneficio de los j\u00f3venes.<\/p>\n","protected":false},"excerpt":{"rendered":"<p>Diversos estudiantes son beneficiados con el Taller de Formaci\u00f3n de Habilidades para la Vida, impartido por la psic\u00f3loga Rosalinda Sequera<\/p>\n","protected":false},"author":4,"featured_media":57471,"comment_status":"closed","ping_status":"closed","sticky":false,"template":"","format":"standard","meta":{"colormag_page_container_layout":"default_layout","colormag_page_sidebar_layout":"default_layout","_jetpack_memberships_contains_paid_content":false,"footnotes":"","jetpack_publicize_message":"","jetpack_publicize_feature_enabled":true,"jetpack_social_post_already_shared":false,"jetpack_social_options":{"image_generator_settings":{"template":"highway","default_image_id":0,"font":"","enabled":false},"version":2}},"categories":[1082],"tags":[],"class_list":["post-57470","post","type-post","status-publish","format-standard","has-post-thumbnail","hentry","category-tuxpan"],"jetpack_publicize_connections":[],"jetpack_featured_media_url":"https:\/\/i0.wp.com\/politicosaldesnudo.com.mx\/wp-content\/uploads\/2025\/02\/4c-11.jpg?fit=960%2C720&ssl=1","jetpack-related-posts":[],"jetpack_sharing_enabled":true,"_links":{"self":[{"href":"https:\/\/politicosaldesnudo.com.mx\/index.php\/wp-json\/wp\/v2\/posts\/57470","targetHints":{"allow":["GET"]}}],"collection":[{"href":"https:\/\/politicosaldesnudo.com.mx\/index.php\/wp-json\/wp\/v2\/posts"}],"about":[{"href":"https:\/\/politicosaldesnudo.com.mx\/index.php\/wp-json\/wp\/v2\/types\/post"}],"author":[{"embeddable":true,"href":"https:\/\/politicosaldesnudo.com.mx\/index.php\/wp-json\/wp\/v2\/users\/4"}],"replies":[{"embeddable":true,"href":"https:\/\/politicosaldesnudo.com.mx\/index.php\/wp-json\/wp\/v2\/comments?post=57470"}],"version-history":[{"count":0,"href":"https:\/\/politicosaldesnudo.com.mx\/index.php\/wp-json\/wp\/v2\/posts\/57470\/revisions"}],"wp:featuredmedia":[{"embeddable":true,"href":"https:\/\/politicosaldesnudo.com.mx\/index.php\/wp-json\/wp\/v2\/media\/57471"}],"wp:attachment":[{"href":"https:\/\/politicosaldesnudo.com.mx\/index.php\/wp-json\/wp\/v2\/media?parent=57470"}],"wp:term":[{"taxonomy":"category","embeddable":true,"href":"https:\/\/politicosaldesnudo.com.mx\/index.php\/wp-json\/wp\/v2\/categories?post=57470"},{"taxonomy":"post_tag","embeddable":true,"href":"https:\/\/politicosaldesnudo.com.mx\/index.php\/wp-json\/wp\/v2\/tags?post=57470"}],"curies":[{"name":"wp","href":"https:\/\/api.w.org\/{rel}","templated":true}]}}