{"id":57473,"date":"2025-02-25T00:02:10","date_gmt":"2025-02-25T06:02:10","guid":{"rendered":"https:\/\/politicosaldesnudo.com.mx\/?p=57473"},"modified":"2025-02-24T20:59:49","modified_gmt":"2025-02-25T02:59:49","slug":"ultima-semana-de-inscripcion-a-pension","status":"publish","type":"post","link":"https:\/\/politicosaldesnudo.com.mx\/index.php\/2025\/02\/25\/ultima-semana-de-inscripcion-a-pension\/","title":{"rendered":"\u00daltima semana de inscripci\u00f3n a Pensi\u00f3n"},"content":{"rendered":"<p>\u00c9sta es la \u00faltima semana para que los adultos mayores se puedan inscribir a la Pensi\u00f3n del Bienestar, puesto que la fecha l\u00edmite es el pr\u00f3ximo 28 de febrero y hasta el momento la Secretar\u00eda no ha informado si habr\u00e1 alguna pr\u00f3rroga.<\/p>\n<p>La Secretar\u00eda del Bienestar ha informado que este lunes reinici\u00f3 el registro para adultos mayores cuyos apellidos paternos comiencen con las letras A, B o C.<\/p>\n<p>Para el martes, las letras D, E, F, G, H, el mi\u00e9rcoles las letras I, J, K, L y M, para el jueves N, \u00d1, O, P, Q, R, y para el d\u00eda viernes las letras S, T, U, V, X, Y y Z, respectivamente.<\/p>\n<p>Este registro forma parte del calendario establecido por la dependencia federal, que organiza el proceso de inscripci\u00f3n de acuerdo con la letra inicial del primer apellido de los solicitantes.<\/p>\n<p>Este calendario aplica no solo para la Pensi\u00f3n para el Bienestar de las Personas Adultas Mayores, sino tambi\u00e9n para la Pensi\u00f3n Mujeres Bienestar y la Pensi\u00f3n para el Bienestar de las Personas con Discapacidad.<\/p>\n<p>Los interesados deben acudir a los m\u00f3dulos de atenci\u00f3n de la Secretar\u00eda del Bienestar, cuya ubicaci\u00f3n puede consultarse en la p\u00e1gina oficial de la dependencia, los documentos necesarios son una identificaci\u00f3n oficial vigente, la CURP reciente, Acta de nacimiento, Comprobante de domicilio no mayor a 6 meses y n\u00famero telef\u00f3nico de contacto.<\/p>\n<p>La Pensi\u00f3n del Bienestar es un programa social del Gobierno de M\u00e9xico que busca apoyar econ\u00f3micamente a los adultos mayores, mujeres y personas con discapacidad. Es fundamental que los interesados realicen su registro en las fechas indicadas para poder acceder a este apoyo.<\/p>\n","protected":false},"excerpt":{"rendered":"<p>\u00c9sta es la \u00faltima semana para que los adultos mayores se puedan inscribir a la Pensi\u00f3n del Bienestar, puesto que<\/p>\n","protected":false},"author":4,"featured_media":57474,"comment_status":"closed","ping_status":"closed","sticky":false,"template":"","format":"standard","meta":{"colormag_page_container_layout":"default_layout","colormag_page_sidebar_layout":"default_layout","_jetpack_memberships_contains_paid_content":false,"footnotes":"","jetpack_publicize_message":"","jetpack_publicize_feature_enabled":true,"jetpack_social_post_already_shared":false,"jetpack_social_options":{"image_generator_settings":{"template":"highway","default_image_id":0,"font":"","enabled":false},"version":2}},"categories":[1082],"tags":[],"class_list":["post-57473","post","type-post","status-publish","format-standard","has-post-thumbnail","hentry","category-tuxpan"],"jetpack_publicize_connections":[],"jetpack_featured_media_url":"https:\/\/i0.wp.com\/politicosaldesnudo.com.mx\/wp-content\/uploads\/2025\/02\/5c-6.jpg?fit=1280%2C960&ssl=1","jetpack-related-posts":[],"jetpack_sharing_enabled":true,"_links":{"self":[{"href":"https:\/\/politicosaldesnudo.com.mx\/index.php\/wp-json\/wp\/v2\/posts\/57473","targetHints":{"allow":["GET"]}}],"collection":[{"href":"https:\/\/politicosaldesnudo.com.mx\/index.php\/wp-json\/wp\/v2\/posts"}],"about":[{"href":"https:\/\/politicosaldesnudo.com.mx\/index.php\/wp-json\/wp\/v2\/types\/post"}],"author":[{"embeddable":true,"href":"https:\/\/politicosaldesnudo.com.mx\/index.php\/wp-json\/wp\/v2\/users\/4"}],"replies":[{"embeddable":true,"href":"https:\/\/politicosaldesnudo.com.mx\/index.php\/wp-json\/wp\/v2\/comments?post=57473"}],"version-history":[{"count":0,"href":"https:\/\/politicosaldesnudo.com.mx\/index.php\/wp-json\/wp\/v2\/posts\/57473\/revisions"}],"wp:featuredmedia":[{"embeddable":true,"href":"https:\/\/politicosaldesnudo.com.mx\/index.php\/wp-json\/wp\/v2\/media\/57474"}],"wp:attachment":[{"href":"https:\/\/politicosaldesnudo.com.mx\/index.php\/wp-json\/wp\/v2\/media?parent=57473"}],"wp:term":[{"taxonomy":"category","embeddable":true,"href":"https:\/\/politicosaldesnudo.com.mx\/index.php\/wp-json\/wp\/v2\/categories?post=57473"},{"taxonomy":"post_tag","embeddable":true,"href":"https:\/\/politicosaldesnudo.com.mx\/index.php\/wp-json\/wp\/v2\/tags?post=57473"}],"curies":[{"name":"wp","href":"https:\/\/api.w.org\/{rel}","templated":true}]}}