{"id":57476,"date":"2025-02-25T00:03:59","date_gmt":"2025-02-25T06:03:59","guid":{"rendered":"https:\/\/politicosaldesnudo.com.mx\/?p=57476"},"modified":"2025-02-24T21:00:35","modified_gmt":"2025-02-25T03:00:35","slug":"alcalde-descarta-despidos-y-mas-cambios","status":"publish","type":"post","link":"https:\/\/politicosaldesnudo.com.mx\/index.php\/2025\/02\/25\/alcalde-descarta-despidos-y-mas-cambios\/","title":{"rendered":"Alcalde descarta despidos y m\u00e1s cambios"},"content":{"rendered":"<p>El alcalde de Tuxpan, Jes\u00fas Fomperoza Torres asegur\u00f3 en una reciente entrevista que no se prev\u00e9n m\u00e1s cambios en la administraci\u00f3n municipal ni despidos dentro del ayuntamiento. Explic\u00f3 que los ajustes realizados hasta el momento han sido reacomodos internos para mejorar la operatividad sin afectar la estabilidad laboral del personal.<\/p>\n<p>Al ser cuestionado sobre posibles modificaciones en la administraci\u00f3n, el alcalde se\u00f1al\u00f3 que, por ahora, no se contemplan nuevos cambios. Sin embargo, dej\u00f3 abierta la posibilidad de ajustes en caso de que surjan necesidades espec\u00edficas. \u00abHasta este momento considero que ya no habr\u00e1 m\u00e1s cambios\u00bb, afirm\u00f3.<\/p>\n<p>En cuanto a la situaci\u00f3n laboral en el ayuntamiento, el mandatario municipal aclar\u00f3 que no se trata de despidos masivos, sino de una reubicaci\u00f3n de personal para optimizar los recursos. Explic\u00f3 que algunos trabajadores han sido trasladados a \u00e1reas operativas donde se requieren m\u00e1s manos, en lugar de realizar nuevas contrataciones.<\/p>\n<p>El alcalde destac\u00f3 que su administraci\u00f3n busca garantizar la eficiencia sin afectar a los empleados municipales. \u00abEstamos simplemente modificando y moviendo gente de un \u00e1rea a otra\u00bb, dijo, reiterando que estos cambios responden a la necesidad de mejorar la operatividad del gobierno local sin afectar la n\u00f3mina.<\/p>\n","protected":false},"excerpt":{"rendered":"<p>El alcalde de Tuxpan, Jes\u00fas Fomperoza Torres asegur\u00f3 en una reciente entrevista que no se prev\u00e9n m\u00e1s cambios en la<\/p>\n","protected":false},"author":4,"featured_media":57477,"comment_status":"closed","ping_status":"closed","sticky":false,"template":"","format":"standard","meta":{"colormag_page_container_layout":"default_layout","colormag_page_sidebar_layout":"default_layout","_jetpack_memberships_contains_paid_content":false,"footnotes":"","jetpack_publicize_message":"","jetpack_publicize_feature_enabled":true,"jetpack_social_post_already_shared":false,"jetpack_social_options":{"image_generator_settings":{"template":"highway","default_image_id":0,"font":"","enabled":false},"version":2}},"categories":[1082],"tags":[],"class_list":["post-57476","post","type-post","status-publish","format-standard","has-post-thumbnail","hentry","category-tuxpan"],"jetpack_publicize_connections":[],"jetpack_featured_media_url":"https:\/\/i0.wp.com\/politicosaldesnudo.com.mx\/wp-content\/uploads\/2025\/02\/5b-6.jpg?fit=1023%2C546&ssl=1","jetpack-related-posts":[],"jetpack_sharing_enabled":true,"_links":{"self":[{"href":"https:\/\/politicosaldesnudo.com.mx\/index.php\/wp-json\/wp\/v2\/posts\/57476","targetHints":{"allow":["GET"]}}],"collection":[{"href":"https:\/\/politicosaldesnudo.com.mx\/index.php\/wp-json\/wp\/v2\/posts"}],"about":[{"href":"https:\/\/politicosaldesnudo.com.mx\/index.php\/wp-json\/wp\/v2\/types\/post"}],"author":[{"embeddable":true,"href":"https:\/\/politicosaldesnudo.com.mx\/index.php\/wp-json\/wp\/v2\/users\/4"}],"replies":[{"embeddable":true,"href":"https:\/\/politicosaldesnudo.com.mx\/index.php\/wp-json\/wp\/v2\/comments?post=57476"}],"version-history":[{"count":0,"href":"https:\/\/politicosaldesnudo.com.mx\/index.php\/wp-json\/wp\/v2\/posts\/57476\/revisions"}],"wp:featuredmedia":[{"embeddable":true,"href":"https:\/\/politicosaldesnudo.com.mx\/index.php\/wp-json\/wp\/v2\/media\/57477"}],"wp:attachment":[{"href":"https:\/\/politicosaldesnudo.com.mx\/index.php\/wp-json\/wp\/v2\/media?parent=57476"}],"wp:term":[{"taxonomy":"category","embeddable":true,"href":"https:\/\/politicosaldesnudo.com.mx\/index.php\/wp-json\/wp\/v2\/categories?post=57476"},{"taxonomy":"post_tag","embeddable":true,"href":"https:\/\/politicosaldesnudo.com.mx\/index.php\/wp-json\/wp\/v2\/tags?post=57476"}],"curies":[{"name":"wp","href":"https:\/\/api.w.org\/{rel}","templated":true}]}}