{"id":57482,"date":"2025-02-25T00:05:59","date_gmt":"2025-02-25T06:05:59","guid":{"rendered":"https:\/\/politicosaldesnudo.com.mx\/?p=57482"},"modified":"2025-02-24T21:20:29","modified_gmt":"2025-02-25T03:20:29","slug":"comisiones-del-senado-aprueban-dictamen-de-reforma-energetica","status":"publish","type":"post","link":"https:\/\/politicosaldesnudo.com.mx\/index.php\/2025\/02\/25\/comisiones-del-senado-aprueban-dictamen-de-reforma-energetica\/","title":{"rendered":"Comisiones del Senado aprueban dictamen de reforma energ\u00e9tica"},"content":{"rendered":"<p class=\"western\">Comisiones del Senado aprobaron el dictamen de reforma energ\u00e9tica, donde de manera sorpresiva, la oposici\u00f3n voto en abstenci\u00f3n pese a que mantuvo un discurso cr\u00edtico de algunos de los cambios legislativos mientras que otros los aplaudi\u00f3.<\/p>\n<p class=\"western\">El documento de m\u00e1s de mil cuartillas fue avalado por 22 votos a favor, 8 abstenciones y uno en contra de la pri\u00edsta Claudia Anaya. Se prev\u00e9 que en esta semana sea puesto a votaci\u00f3n en el pleno senatorial. El paquete incluye la expedici\u00f3n de ocho nuevas leyes y reformas a dos m\u00e1s.<\/p>\n<p class=\"western\">Al presentar su contenido, la presidenta de la comisi\u00f3n de Energ\u00eda, Laura Itzel Castillo, destac\u00f3 que con esta iniciativa se cristaliza el objetivo de que Petr\u00f3leos Mexicanos (Pemex) y la Comisi\u00f3n Federal de Electricidad (CFE) regresen a manos del pueblo de M\u00e9xico como empresas p\u00fablicas del Estado. El cambio permitir\u00e1 que sean m\u00e1s productivas, eficientes, transparentes y que tengan como eje de su operaci\u00f3n la austeridad.<\/p>\n<p class=\"western\">El escrito refiere que las actividades de estas dos compa\u00f1\u00edas dejar\u00e1n de ser consideradas monop\u00f3licas y se acabar\u00e1 la separaci\u00f3n legal de sus subsidiarias.<\/p>\n<p class=\"western\">Por lo que hace al sector el\u00e9ctrico, se establece la prevalencia del Estado frente a la iniciativa privada al mantener al menos el 54 por ciento de la generaci\u00f3n de energ\u00eda que se inyecta al Sistema El\u00e9ctrico Nacional.<\/p>\n<p class=\"western\">Sobre los hidrocarburos se da a Pemex preferencia en la exploraci\u00f3n y extracci\u00f3n, pero podr\u00e1 elegir el esquema de inversi\u00f3n, ya sea como desarrollo propio o mixto, esto es, con la iniciativa privada. Tambi\u00e9n se crea la Comisi\u00f3n Nacional de Energ\u00eda, la cual retomar\u00e1 las funciones de la Comisi\u00f3n Reguladora de Energ\u00eda y de la Comisi\u00f3n Nacional de Hidrocarburos.<\/p>\n<p class=\"western\">El coordinador del PAN, Ricardo Anaya, acuso al bloque mayoritario encabezado por Morena de calificar la reforma energ\u00e9tica de 2014 como la peor de la historia, pero \u201cel 90 por ciento de lo que est\u00e1 en estos documentos es la reforma de 2014, a lo cual no le mueven ni una coma\u201d.<\/p>\n<p class=\"western\">Destac\u00f3 as\u00ed, que no todo lo que plantea el dictamen es malo y tampoco todo es bueno. Apunt\u00f3 su inter\u00e9s en que haya electricidad limpia, barata, accesible y abundante. En alusi\u00f3n a los morenistas agreg\u00f3: \u201cEl problema con ustedes es que no es que no quieran esas tres cosas, es que por encima de eso le dan prioridad al control del Estado\u201d.<\/p>\n<p class=\"western\">Como aspectos positivos, Anaya subray\u00f3 que se deja atr\u00e1s el \u201cestatismo trasnochado\u201d del sexenio pasado y entre los negativos que se limita a 46 por ciento la generaci\u00f3n de electricidad por parte de particulares, pese a que el Estado no tiene capacidad para producir el suficiente energ\u00e9tico. Tambi\u00e9n critic\u00f3 la creaci\u00f3n de la Comisi\u00f3n Nacional de Energ\u00eda, dado que \u201cestar\u00e1 completamente controlada por la Secretar\u00eda de Energ\u00eda\u201d.<\/p>\n","protected":false},"excerpt":{"rendered":"<p>Comisiones del Senado aprobaron el dictamen de reforma energ\u00e9tica, donde de manera sorpresiva, la oposici\u00f3n voto en abstenci\u00f3n pese a<\/p>\n","protected":false},"author":4,"featured_media":57483,"comment_status":"closed","ping_status":"closed","sticky":false,"template":"","format":"standard","meta":{"colormag_page_container_layout":"default_layout","colormag_page_sidebar_layout":"default_layout","_jetpack_memberships_contains_paid_content":false,"footnotes":"","jetpack_publicize_message":"","jetpack_publicize_feature_enabled":true,"jetpack_social_post_already_shared":false,"jetpack_social_options":{"image_generator_settings":{"template":"highway","default_image_id":0,"font":"","enabled":false},"version":2}},"categories":[33],"tags":[],"class_list":["post-57482","post","type-post","status-publish","format-standard","has-post-thumbnail","hentry","category-nacional"],"jetpack_publicize_connections":[],"jetpack_featured_media_url":"https:\/\/i0.wp.com\/politicosaldesnudo.com.mx\/wp-content\/uploads\/2025\/02\/EN.jpg?fit=736%2C467&ssl=1","jetpack-related-posts":[],"jetpack_sharing_enabled":true,"_links":{"self":[{"href":"https:\/\/politicosaldesnudo.com.mx\/index.php\/wp-json\/wp\/v2\/posts\/57482","targetHints":{"allow":["GET"]}}],"collection":[{"href":"https:\/\/politicosaldesnudo.com.mx\/index.php\/wp-json\/wp\/v2\/posts"}],"about":[{"href":"https:\/\/politicosaldesnudo.com.mx\/index.php\/wp-json\/wp\/v2\/types\/post"}],"author":[{"embeddable":true,"href":"https:\/\/politicosaldesnudo.com.mx\/index.php\/wp-json\/wp\/v2\/users\/4"}],"replies":[{"embeddable":true,"href":"https:\/\/politicosaldesnudo.com.mx\/index.php\/wp-json\/wp\/v2\/comments?post=57482"}],"version-history":[{"count":0,"href":"https:\/\/politicosaldesnudo.com.mx\/index.php\/wp-json\/wp\/v2\/posts\/57482\/revisions"}],"wp:featuredmedia":[{"embeddable":true,"href":"https:\/\/politicosaldesnudo.com.mx\/index.php\/wp-json\/wp\/v2\/media\/57483"}],"wp:attachment":[{"href":"https:\/\/politicosaldesnudo.com.mx\/index.php\/wp-json\/wp\/v2\/media?parent=57482"}],"wp:term":[{"taxonomy":"category","embeddable":true,"href":"https:\/\/politicosaldesnudo.com.mx\/index.php\/wp-json\/wp\/v2\/categories?post=57482"},{"taxonomy":"post_tag","embeddable":true,"href":"https:\/\/politicosaldesnudo.com.mx\/index.php\/wp-json\/wp\/v2\/tags?post=57482"}],"curies":[{"name":"wp","href":"https:\/\/api.w.org\/{rel}","templated":true}]}}