{"id":57485,"date":"2025-02-25T00:06:08","date_gmt":"2025-02-25T06:06:08","guid":{"rendered":"https:\/\/politicosaldesnudo.com.mx\/?p=57485"},"modified":"2025-02-24T21:22:18","modified_gmt":"2025-02-25T03:22:18","slug":"reforma-a-ley-del-issste-no-aplicara-a-trabajadores-de-base-snte","status":"publish","type":"post","link":"https:\/\/politicosaldesnudo.com.mx\/index.php\/2025\/02\/25\/reforma-a-ley-del-issste-no-aplicara-a-trabajadores-de-base-snte\/","title":{"rendered":"Reforma a Ley del Issste no aplicar\u00e1 a trabajadores de base: SNTE"},"content":{"rendered":"<p>Mientras se intensifican las movilizaciones del magisterio en rechazo al incremento de cuotas de los seguros de salud al Issste, el Sindicato Nacional de Trabajadores de la Educaci\u00f3n afirm\u00f3 que la reforma no aplicar\u00e1 a los trabajadores de base.<\/p>\n<p>Esta tarde, en el arranque de los foros Joacos un nuevo sistema de ingreso, promoci\u00f3n y ascenso del magisterio, el dirigente del SNTE, Alfonso Cepeda Salas, afirm\u00f3 que habl\u00f3 del tema con la presidenta Claudia Sheinbaum, quien le asegur\u00f3 que las modificaciones no aplicar\u00e1 para los profesores.<\/p>\n<p>\u201cY nos lo ha ratificado el diputado Ricardo Monreal, que no habr\u00e1 ning\u00fan descuento para trabajadores de la educaci\u00f3n de base\u2026 y se aplicar\u00e1 quiz\u00e1 para trabajadores de confianza y otros m\u00e1s que s\u00ed tenemos altos salarios\u201d, dijo en una intervenci\u00f3n durante el inicio en la C\u00e1mara de Diputados de los foros a que convoca Morena hacia un nuevo sistema de ingreso, promoci\u00f3n y ascenso en el magisterio.<\/p>\n<p>La propuesta lleg\u00f3 a la C\u00e1mara el 7 de febrero, donde Se propone incrementar las cuotas de los seguros de salud y aplicarlo sobre el salario integrado, esto es sueldo base m\u00e1s prestaciones.<\/p>\n<p>Este lunes, Cepeda Salas sostuvo que \u201cquiz\u00e1s por alg\u00fan error\u201d se envi\u00f3 la iniciativa a la C\u00e1mara.<\/p>\n","protected":false},"excerpt":{"rendered":"<p>Mientras se intensifican las movilizaciones del magisterio en rechazo al incremento de cuotas de los seguros de salud al Issste,<\/p>\n","protected":false},"author":4,"featured_media":57486,"comment_status":"closed","ping_status":"closed","sticky":false,"template":"","format":"standard","meta":{"colormag_page_container_layout":"default_layout","colormag_page_sidebar_layout":"default_layout","_jetpack_memberships_contains_paid_content":false,"footnotes":"","jetpack_publicize_message":"","jetpack_publicize_feature_enabled":true,"jetpack_social_post_already_shared":false,"jetpack_social_options":{"image_generator_settings":{"template":"highway","default_image_id":0,"font":"","enabled":false},"version":2}},"categories":[33],"tags":[],"class_list":["post-57485","post","type-post","status-publish","format-standard","has-post-thumbnail","hentry","category-nacional"],"jetpack_publicize_connections":[],"jetpack_featured_media_url":"https:\/\/i0.wp.com\/politicosaldesnudo.com.mx\/wp-content\/uploads\/2025\/02\/SNTE.jpg?fit=638%2C423&ssl=1","jetpack-related-posts":[],"jetpack_sharing_enabled":true,"_links":{"self":[{"href":"https:\/\/politicosaldesnudo.com.mx\/index.php\/wp-json\/wp\/v2\/posts\/57485","targetHints":{"allow":["GET"]}}],"collection":[{"href":"https:\/\/politicosaldesnudo.com.mx\/index.php\/wp-json\/wp\/v2\/posts"}],"about":[{"href":"https:\/\/politicosaldesnudo.com.mx\/index.php\/wp-json\/wp\/v2\/types\/post"}],"author":[{"embeddable":true,"href":"https:\/\/politicosaldesnudo.com.mx\/index.php\/wp-json\/wp\/v2\/users\/4"}],"replies":[{"embeddable":true,"href":"https:\/\/politicosaldesnudo.com.mx\/index.php\/wp-json\/wp\/v2\/comments?post=57485"}],"version-history":[{"count":0,"href":"https:\/\/politicosaldesnudo.com.mx\/index.php\/wp-json\/wp\/v2\/posts\/57485\/revisions"}],"wp:featuredmedia":[{"embeddable":true,"href":"https:\/\/politicosaldesnudo.com.mx\/index.php\/wp-json\/wp\/v2\/media\/57486"}],"wp:attachment":[{"href":"https:\/\/politicosaldesnudo.com.mx\/index.php\/wp-json\/wp\/v2\/media?parent=57485"}],"wp:term":[{"taxonomy":"category","embeddable":true,"href":"https:\/\/politicosaldesnudo.com.mx\/index.php\/wp-json\/wp\/v2\/categories?post=57485"},{"taxonomy":"post_tag","embeddable":true,"href":"https:\/\/politicosaldesnudo.com.mx\/index.php\/wp-json\/wp\/v2\/tags?post=57485"}],"curies":[{"name":"wp","href":"https:\/\/api.w.org\/{rel}","templated":true}]}}