{"id":57488,"date":"2025-02-25T00:07:12","date_gmt":"2025-02-25T06:07:12","guid":{"rendered":"https:\/\/politicosaldesnudo.com.mx\/?p=57488"},"modified":"2025-02-24T21:24:24","modified_gmt":"2025-02-25T03:24:24","slug":"morena-aliados-y-pri-aprueban-prohibicion-de-cultivo-de-maiz-transgenico","status":"publish","type":"post","link":"https:\/\/politicosaldesnudo.com.mx\/index.php\/2025\/02\/25\/morena-aliados-y-pri-aprueban-prohibicion-de-cultivo-de-maiz-transgenico\/","title":{"rendered":"Morena, aliados y PRI aprueban prohibici\u00f3n de cultivo de ma\u00edz transg\u00e9nico"},"content":{"rendered":"<p>Con el voto de Morena, de sus aliados y el PRI, la Comisi\u00f3n de Puntos Constitucionales de la C\u00e1mara de Diputados aprob\u00f3 esta tarde el dictamen de reforma a los art\u00edculos 4o y 27 de la Constituci\u00f3n, para prohibir el cultivo de ma\u00edz transg\u00e9nico. La Junta de Coordinaci\u00f3n Pol\u00edtica acord\u00f3 a mediod\u00eda que el dictamen se discutir\u00e1 en la sesi\u00f3n ordinaria de este martes.<\/p>\n<p>Despu\u00e9s de dos horas y media de discusi\u00f3n, y sin cambios a la redacci\u00f3n propuesta por el Ejecutivo, el dictamen se valid\u00f3 con 29 votos de Morena, PT, PVEM y PRI; seis diputados de Acci\u00f3n Nacional votaron en contra y el MC se abstuvo.<\/p>\n<p>Al respecto, Claudia Ruiz Massieu expuso que si bien existe consenso en la prohibici\u00f3n del uso de semillas gen\u00e9ticamente modificadas, la redacci\u00f3n incluida por la comisi\u00f3n es confusa.<\/p>\n<p>\u201cSi lo que queremos prohibir el uso de ma\u00edz transg\u00e9nico, \u00bfpor qu\u00e9 no lo decimos con toda claridad, por qu\u00e9 un lenguaje ambiguo? Es m\u00e1s extenso que el objetivo en el que todos coincidimos, la prohibici\u00f3n inequ\u00edvoca de cultivar y sembrar ma\u00edces transg\u00e9nicos\u201d, cuestion\u00f3.<\/p>\n<p>El panista Agust\u00edn Rodr\u00edguez dijo que si bien su partido est\u00e1 en favor de prohibir la siembra de ma\u00edces gen\u00e9ticamente modificados, tambi\u00e9n planteaba adecuar el dictamen, para \u201ccuidar la coexistencia entre el cuidado del ma\u00edz nativo, pero tambi\u00e9n la productividad y competitividad el campo mexicano\u201d.<\/p>\n<p>Incluso plante\u00f3 que el cultivo de ma\u00edz para consumo humano, producto de modificaciones de cualquier t\u00e9cnica de ingenier\u00eda , deber\u00eda ser evaluado en t\u00e9rminos de las disposiciones legales aplicables, preservando que sea libre de amenazas a la bioseguridad, a la salud y al patrimonio cultural del pa\u00eds.<\/p>\n<p>En contraste, la diputada Lilia Aguilar Gil (PT) acus\u00f3 que \u201cquienes defiendan que se puedan sembrar ma\u00edces transg\u00e9nicos son empleados de Bayer-Monsanto. Los transg\u00e9nicos no generan productividad, generan dependencia\u201d.<\/p>\n<p>La Comisi\u00f3n asumi\u00f3 \u00edntegra la propuesta que anunci\u00f3 el martes pasado la presidenta Claudia Sheinbaum en su conferencia matutina.<\/p>\n<p>En ese sentido, qued\u00f3 incluida la siguiente redacci\u00f3n:<br \/>\n\u201cM\u00e9xico es centro de origen y diversidad del ma\u00edz, que es un elemento de identidad nacional, alimento b\u00e1sico del pueblo de M\u00e9xico y la base de la existencia de los pueblos ind\u00edgenas y afromexicanos.<\/p>\n<p>\u201cSu cultivo en el territorio nacional debe ser libre de modificaciones gen\u00e9ticas, producidas con t\u00e9cnicas que superen las barreras naturales de la reproducci\u00f3n o la recombinaci\u00f3n, como las transg\u00e9nicas.<\/p>\n<p>\u201cTodo otro uso del ma\u00edz gen\u00e9ticamente modificado debe ser evaluado en los t\u00e9rminos de las disposiciones legales para quedar libre de amenazas para la bioseguridad, la salud y el patrimonio biocultural de M\u00e9xico y su poblaci\u00f3n.<\/p>\n<p>\u201cDebe priorizarse la protecci\u00f3n de la biodiversidad, la soberan\u00eda alimentaria, su manejo agroecol\u00f3gico, promoviendo la investigaci\u00f3n cient\u00edfica, human\u00edstica, la innovaci\u00f3n y los conocimientos tradicionales\u201d.<\/p>\n","protected":false},"excerpt":{"rendered":"<p>Con el voto de Morena, de sus aliados y el PRI, la Comisi\u00f3n de Puntos Constitucionales de la C\u00e1mara de<\/p>\n","protected":false},"author":4,"featured_media":57489,"comment_status":"closed","ping_status":"closed","sticky":false,"template":"","format":"standard","meta":{"colormag_page_container_layout":"default_layout","colormag_page_sidebar_layout":"default_layout","_jetpack_memberships_contains_paid_content":false,"footnotes":"","jetpack_publicize_message":"","jetpack_publicize_feature_enabled":true,"jetpack_social_post_already_shared":false,"jetpack_social_options":{"image_generator_settings":{"template":"highway","default_image_id":0,"font":"","enabled":false},"version":2}},"categories":[33],"tags":[],"class_list":["post-57488","post","type-post","status-publish","format-standard","has-post-thumbnail","hentry","category-nacional"],"jetpack_publicize_connections":[],"jetpack_featured_media_url":"https:\/\/i0.wp.com\/politicosaldesnudo.com.mx\/wp-content\/uploads\/2025\/02\/morena_presentara_iniciativa_para_prohibir_maiz_transgenico_en_mexico_anuncia_ricardo_monreal-focus-0-0-1479-828.jpg?fit=1200%2C800&ssl=1","jetpack-related-posts":[],"jetpack_sharing_enabled":true,"_links":{"self":[{"href":"https:\/\/politicosaldesnudo.com.mx\/index.php\/wp-json\/wp\/v2\/posts\/57488","targetHints":{"allow":["GET"]}}],"collection":[{"href":"https:\/\/politicosaldesnudo.com.mx\/index.php\/wp-json\/wp\/v2\/posts"}],"about":[{"href":"https:\/\/politicosaldesnudo.com.mx\/index.php\/wp-json\/wp\/v2\/types\/post"}],"author":[{"embeddable":true,"href":"https:\/\/politicosaldesnudo.com.mx\/index.php\/wp-json\/wp\/v2\/users\/4"}],"replies":[{"embeddable":true,"href":"https:\/\/politicosaldesnudo.com.mx\/index.php\/wp-json\/wp\/v2\/comments?post=57488"}],"version-history":[{"count":0,"href":"https:\/\/politicosaldesnudo.com.mx\/index.php\/wp-json\/wp\/v2\/posts\/57488\/revisions"}],"wp:featuredmedia":[{"embeddable":true,"href":"https:\/\/politicosaldesnudo.com.mx\/index.php\/wp-json\/wp\/v2\/media\/57489"}],"wp:attachment":[{"href":"https:\/\/politicosaldesnudo.com.mx\/index.php\/wp-json\/wp\/v2\/media?parent=57488"}],"wp:term":[{"taxonomy":"category","embeddable":true,"href":"https:\/\/politicosaldesnudo.com.mx\/index.php\/wp-json\/wp\/v2\/categories?post=57488"},{"taxonomy":"post_tag","embeddable":true,"href":"https:\/\/politicosaldesnudo.com.mx\/index.php\/wp-json\/wp\/v2\/tags?post=57488"}],"curies":[{"name":"wp","href":"https:\/\/api.w.org\/{rel}","templated":true}]}}