{"id":57503,"date":"2025-02-25T00:12:22","date_gmt":"2025-02-25T06:12:22","guid":{"rendered":"https:\/\/politicosaldesnudo.com.mx\/?p=57503"},"modified":"2025-02-24T21:39:32","modified_gmt":"2025-02-25T03:39:32","slug":"hay-condiciones-para-cerrar-acuerdo-comercial-con-eu-confia-sheinbaum","status":"publish","type":"post","link":"https:\/\/politicosaldesnudo.com.mx\/index.php\/2025\/02\/25\/hay-condiciones-para-cerrar-acuerdo-comercial-con-eu-confia-sheinbaum\/","title":{"rendered":"Hay condiciones para cerrar acuerdo comercial con EU, conf\u00eda Sheinbaum"},"content":{"rendered":"<p>La presidenta Claudia Sheinbaum confi\u00f3 en que antes de este viernes, los equipos de M\u00e9xico y Estados Unidos que se encuentran en negociaciones en materia econ\u00f3mica, lleguen a un acuerdo. Luego del inicio de las mesas de trabajo que encabeza por parte de M\u00e9xico el secretario de Econom\u00eda, Marcelo Ebrard, la mandataria recalc\u00f3: \u201clo que necesitamos es cerrar este acuerdo que yo creo que estamos en condiciones de hacerlo\u201d.<\/p>\n<p>Durante su conferencia de prensa matutina en Palacio Nacional de este lunes, la jefa del Ejecutivo federal se pronunci\u00f3 porque, en el tema de la coordinaci\u00f3n entre M\u00e9xico y EU para atender el combate al tr\u00e1fico de fentanilo, se indague si los precursores tambi\u00e9n entran por el pa\u00eds vecino.<\/p>\n<div class=\"teads-adCall\"><\/div>\n<p>Y consultada sobre las versiones sobre una presunta presi\u00f3n del gobierno estadunidense en las mesas de negociaci\u00f3n, para que M\u00e9xico aplique aranceles a China, Sheinbaum Pardo se\u00f1al\u00f3 que su gobierno busca priorizar la relaci\u00f3n y el acuerdo comercial con EU, y piden al mismo tiempo a EU que priorice su relaci\u00f3n con M\u00e9xico y Canad\u00e1 a trav\u00e9s del TMEC. Record\u00f3 que, con China no hay un acuerdo de libre comercio.<\/p>\n<p>-\u00bfM\u00e9xico aceptar\u00eda esta condicionante de EU?- se le pregunt\u00f3.<\/p>\n<p>-No es condicionante de Estados Unidos, el asunto es llegar a un acuerdo que permita proteger y garantizar que no haya aranceles entre nuestros pa\u00edses, que contin\u00fae el acuerdo comercial y en todo caso inicie la revisi\u00f3n del acuerdo comercial- respondi\u00f3.<\/p>\n<p>El fin de semana, durante su intervenci\u00f3n en la cumbre ultraderechista de la Conferencia de Acci\u00f3n Pol\u00edtica Conservadora (CPAC, por sus siglas en ingl\u00e9s), el presidente de Estados Unidos, Donald Trump, asever\u00f3: \u201cNo estoy contento con M\u00e9xico ni con Canad\u00e1\u201d. Sobre ello, Sheinbaum Pardo expuso que \u201c\u00e9l (Trump) tiene su forma de comunicar, m\u00e1s bien, nosotros nos guiamos por la colaboraci\u00f3n y la coordinaci\u00f3n que estamos teniendo y los grupos de trabajo\u201d.<\/p>\n<p>Al referirse a la coordinaci\u00f3n con EU tras la aplicaci\u00f3n de aranceles a productos mexicanos que orden\u00f3 el republicano, y que quedaron en pausa tras una llamada que sostuvieron al inicio del presente mes, la presidenta indic\u00f3 que \u201cuno de los temas que es muy importante y que estamos planteando nosotros, es que tiene que hacerse una revisi\u00f3n de por donde entran los precursores, y en todo caso d\u00f3nde se fabrica el fentanilo y las propias pastillas, que es la forma m\u00e1s com\u00fan de venderlas. A ver, yo pregunto: \u00bfEntran por EU los precursores?, no sabemos, \u00bfno?, por qu\u00e9 s\u00f3lo se dice que entran por M\u00e9xico y por Canad\u00e1, \u00bfpor qu\u00e9 no investigar si no entran por EU?\u201d.<\/p>\n<p>A la vez, cuestion\u00f3: \u00bfD\u00f3nde se fabrican los precursores, c\u00f3mo hablamos con los pa\u00edses que fabrican los precursores para que tengan controles en la fabricaci\u00f3n de precursores, c\u00f3mo se mueven, c\u00f3mo llegan?, porque hay una acusaci\u00f3n de que entran solamente por la frontera de M\u00e9xico\u201d.<\/p>\n<p>Insisti\u00f3 que su gobierno ayudar\u00e1 con todo lo que est\u00e9 en sus manos para hacer frente a lo que calific\u00f3 como una crisis humanitaria, con el objetivo de que ni el fentanilo ni otras drogas lleguen a ning\u00fan pa\u00eds.<\/p>\n<p>Pero reiter\u00f3 que \u201ctenemos que hacer una revisi\u00f3n los tres pa\u00edses. \u00bfPor d\u00f3nde est\u00e1n entrando los precursores, donde est\u00e1 la fabricaci\u00f3n, c\u00f3mo se vende ilegalmente?, porque \u00bfd\u00f3nde est\u00e1 el gran consumo?, en EU. \u00bfQui\u00e9n vende el fentanilo en EU, cu\u00e1les son esos c\u00e1rteles que venden el fentanilo en EU, d\u00f3nde est\u00e1 el lavado de dinero de esos recursos?\u201d.<\/p>\n<p>Se pronunci\u00f3 por una cooperaci\u00f3n y coordinaci\u00f3n ante esos temas, al tiempo que plante\u00f3 atender entre ambos pa\u00edses el consumo de las drogas con una visi\u00f3n de salud p\u00fablica.<\/p>\n<p>\u201cNosotros vamos a colaborar, vamos a coordinarnos, siempre exigiendo el respeto a nuestra soberan\u00eda. Y estamos haciendo nuestro trabajo tambi\u00e9n para disminuir los \u00edndices de inseguridad y de delitos de alto impacto que hay en nuestro pa\u00eds vinculado con la producci\u00f3n y tr\u00e1fico de drogas, Pero entre los tres pa\u00edses tenemos que hacer este an\u00e1lisis. A ver, tanta inteligencia que hay ah\u00ed (en Estados Unidos). Pues vamos averiguando por d\u00f3nde sale, por d\u00f3nde entra, d\u00f3nde se fabrica, c\u00f3mo se distribuye, y eso nos va a dar mucha informaci\u00f3n para que cada quien en su pa\u00eds act\u00fae de manera coordinada\u201d.<\/p>\n<p>Adem\u00e1s, adelant\u00f3 que se prepara una nueva encuesta de consumo de drogas en el pa\u00eds que se realizar\u00e1 este a\u00f1o. La encabezar\u00e1 el Instituto Nacional de Salud P\u00fablica bajo la coordinaci\u00f3n del secretario de Salud.<\/p>\n<p>\u201cS\u00ed tenemos informaci\u00f3n (sobre el consumo en M\u00e9xico), se hizo una encuesta. Digamos que no coincide la tendencia con lo que ven\u00eda antes, entonces se va a hacer una nueva encuesta con el Instituto Nacional de Salud P\u00fablica, un an\u00e1lisis, una investigaci\u00f3n\u201d, explic\u00f3.<\/p>\n<p>Mostr\u00f3 una gr\u00e1fica sobre el consumo de drogas reportado por los Centros de Integraci\u00f3n Juvenil, en la que, en el segundo semestre de 2023, las metanfetaminas ten\u00edan el mayor consumo, por arriba del consumo de cannabis. Detall\u00f3 que en el caso del fentanilo, no se ha reportado un aumento de consumo.<\/p>\n<p>\u00abEsta misma semana\u2026 este viernes, necesitar\u00edamos estar llegando ya a acuerdos importantes. Si es necesario, buscar otra llamada con el presidente Trump, lo que haga falta para llegar a un acuerdo\u201d, subray\u00f3.<\/p>\n","protected":false},"excerpt":{"rendered":"<p>La presidenta Claudia Sheinbaum confi\u00f3 en que antes de este viernes, los equipos de M\u00e9xico y Estados Unidos que se<\/p>\n","protected":false},"author":4,"featured_media":57504,"comment_status":"closed","ping_status":"closed","sticky":false,"template":"","format":"standard","meta":{"colormag_page_container_layout":"default_layout","colormag_page_sidebar_layout":"default_layout","_jetpack_memberships_contains_paid_content":false,"footnotes":"","jetpack_publicize_message":"","jetpack_publicize_feature_enabled":true,"jetpack_social_post_already_shared":false,"jetpack_social_options":{"image_generator_settings":{"template":"highway","default_image_id":0,"font":"","enabled":false},"version":2}},"categories":[2050],"tags":[],"class_list":["post-57503","post","type-post","status-publish","format-standard","has-post-thumbnail","hentry","category-economia"],"jetpack_publicize_connections":[],"jetpack_featured_media_url":"https:\/\/i0.wp.com\/politicosaldesnudo.com.mx\/wp-content\/uploads\/2025\/02\/AA1yZb1T.jpg?fit=768%2C473&ssl=1","jetpack-related-posts":[],"jetpack_sharing_enabled":true,"_links":{"self":[{"href":"https:\/\/politicosaldesnudo.com.mx\/index.php\/wp-json\/wp\/v2\/posts\/57503","targetHints":{"allow":["GET"]}}],"collection":[{"href":"https:\/\/politicosaldesnudo.com.mx\/index.php\/wp-json\/wp\/v2\/posts"}],"about":[{"href":"https:\/\/politicosaldesnudo.com.mx\/index.php\/wp-json\/wp\/v2\/types\/post"}],"author":[{"embeddable":true,"href":"https:\/\/politicosaldesnudo.com.mx\/index.php\/wp-json\/wp\/v2\/users\/4"}],"replies":[{"embeddable":true,"href":"https:\/\/politicosaldesnudo.com.mx\/index.php\/wp-json\/wp\/v2\/comments?post=57503"}],"version-history":[{"count":0,"href":"https:\/\/politicosaldesnudo.com.mx\/index.php\/wp-json\/wp\/v2\/posts\/57503\/revisions"}],"wp:featuredmedia":[{"embeddable":true,"href":"https:\/\/politicosaldesnudo.com.mx\/index.php\/wp-json\/wp\/v2\/media\/57504"}],"wp:attachment":[{"href":"https:\/\/politicosaldesnudo.com.mx\/index.php\/wp-json\/wp\/v2\/media?parent=57503"}],"wp:term":[{"taxonomy":"category","embeddable":true,"href":"https:\/\/politicosaldesnudo.com.mx\/index.php\/wp-json\/wp\/v2\/categories?post=57503"},{"taxonomy":"post_tag","embeddable":true,"href":"https:\/\/politicosaldesnudo.com.mx\/index.php\/wp-json\/wp\/v2\/tags?post=57503"}],"curies":[{"name":"wp","href":"https:\/\/api.w.org\/{rel}","templated":true}]}}