{"id":57536,"date":"2025-02-25T21:15:19","date_gmt":"2025-02-26T03:15:19","guid":{"rendered":"https:\/\/politicosaldesnudo.com.mx\/?p=57536"},"modified":"2025-02-25T21:15:19","modified_gmt":"2025-02-26T03:15:19","slug":"viernes-28-de-febrero-1er-festival-tenek-2025-en-juana-moza","status":"publish","type":"post","link":"https:\/\/politicosaldesnudo.com.mx\/index.php\/2025\/02\/25\/viernes-28-de-febrero-1er-festival-tenek-2025-en-juana-moza\/","title":{"rendered":"Viernes 28 de febrero, 1er. Festival T\u00e9nek 2025, en Juana Moza"},"content":{"rendered":"<p>Tuxpan, Ver. &#8211; El Gobierno de Tuxpan invita al 1er. Festival T\u00e9nek 2025, el pr\u00f3ximo viernes 28 de febrero a las 11:00 horas, en el ejido Juana Moza. Ser\u00e1 un gran encuentro con la cultura, el arte y tradiciones ancestrales.<\/p>\n<p>El evento es gratuito; los asistentes podr\u00e1n ser testigos y ser parte de ceremonias, procesiones y ofrendas. Tambi\u00e9n podr\u00e1n disfrutar de la gastronom\u00eda local, artesan\u00edas, historia y tradici\u00f3n.<\/p>\n<p><img data-recalc-dims=\"1\" loading=\"lazy\" decoding=\"async\" class=\"aligncenter size-large wp-image-57539\" src=\"https:\/\/i0.wp.com\/politicosaldesnudo.com.mx\/wp-content\/uploads\/2025\/02\/WhatsApp-Image-2025-02-25-at-12.32.45-644x1024.jpeg?resize=644%2C1024&#038;ssl=1\" alt=\"\" width=\"644\" height=\"1024\" srcset=\"https:\/\/i0.wp.com\/politicosaldesnudo.com.mx\/wp-content\/uploads\/2025\/02\/WhatsApp-Image-2025-02-25-at-12.32.45.jpeg?resize=644%2C1024&amp;ssl=1 644w, https:\/\/i0.wp.com\/politicosaldesnudo.com.mx\/wp-content\/uploads\/2025\/02\/WhatsApp-Image-2025-02-25-at-12.32.45.jpeg?resize=189%2C300&amp;ssl=1 189w, https:\/\/i0.wp.com\/politicosaldesnudo.com.mx\/wp-content\/uploads\/2025\/02\/WhatsApp-Image-2025-02-25-at-12.32.45.jpeg?resize=768%2C1220&amp;ssl=1 768w, https:\/\/i0.wp.com\/politicosaldesnudo.com.mx\/wp-content\/uploads\/2025\/02\/WhatsApp-Image-2025-02-25-at-12.32.45.jpeg?resize=967%2C1536&amp;ssl=1 967w, https:\/\/i0.wp.com\/politicosaldesnudo.com.mx\/wp-content\/uploads\/2025\/02\/WhatsApp-Image-2025-02-25-at-12.32.45.jpeg?w=1007&amp;ssl=1 1007w\" sizes=\"auto, (max-width: 644px) 100vw, 644px\" \/><\/p>\n<p>El programa es el siguiente:<\/p>\n<p>11:00 a.m. Ceremonia de desentierro de Bolim<br \/>\n11:15 a.m. Procesi\u00f3n con ofrendas<br \/>\n11:45 a.m. Ceremonia de recepci\u00f3n, purificaci\u00f3n de ofrendas y cuerpos con barro.<br \/>\n12:10 p.m. Participaci\u00f3n de grupos de danza tradicionales<\/p>\n<p><img data-recalc-dims=\"1\" loading=\"lazy\" decoding=\"async\" class=\"aligncenter size-large wp-image-57538\" src=\"https:\/\/i0.wp.com\/politicosaldesnudo.com.mx\/wp-content\/uploads\/2025\/02\/WhatsApp-Image-2025-02-25-at-12.32.45-1-819x1024.jpeg?resize=800%2C1000&#038;ssl=1\" alt=\"\" width=\"800\" height=\"1000\" srcset=\"https:\/\/i0.wp.com\/politicosaldesnudo.com.mx\/wp-content\/uploads\/2025\/02\/WhatsApp-Image-2025-02-25-at-12.32.45-1.jpeg?resize=819%2C1024&amp;ssl=1 819w, https:\/\/i0.wp.com\/politicosaldesnudo.com.mx\/wp-content\/uploads\/2025\/02\/WhatsApp-Image-2025-02-25-at-12.32.45-1.jpeg?resize=240%2C300&amp;ssl=1 240w, https:\/\/i0.wp.com\/politicosaldesnudo.com.mx\/wp-content\/uploads\/2025\/02\/WhatsApp-Image-2025-02-25-at-12.32.45-1.jpeg?resize=768%2C960&amp;ssl=1 768w, https:\/\/i0.wp.com\/politicosaldesnudo.com.mx\/wp-content\/uploads\/2025\/02\/WhatsApp-Image-2025-02-25-at-12.32.45-1.jpeg?w=1024&amp;ssl=1 1024w\" sizes=\"auto, (max-width: 800px) 100vw, 800px\" \/><\/p>\n","protected":false},"excerpt":{"rendered":"<p>Tuxpan, Ver. &#8211; El Gobierno de Tuxpan invita al 1er. Festival T\u00e9nek 2025, el pr\u00f3ximo viernes 28 de febrero a<\/p>\n","protected":false},"author":4,"featured_media":57537,"comment_status":"closed","ping_status":"closed","sticky":false,"template":"","format":"standard","meta":{"colormag_page_container_layout":"default_layout","colormag_page_sidebar_layout":"default_layout","_jetpack_memberships_contains_paid_content":false,"footnotes":"","jetpack_publicize_message":"","jetpack_publicize_feature_enabled":true,"jetpack_social_post_already_shared":false,"jetpack_social_options":{"image_generator_settings":{"template":"highway","default_image_id":0,"font":"","enabled":false},"version":2}},"categories":[3205,1082],"tags":[],"class_list":["post-57536","post","type-post","status-publish","format-standard","has-post-thumbnail","hentry","category-gobierno-tuxpan","category-tuxpan"],"jetpack_publicize_connections":[],"jetpack_featured_media_url":"https:\/\/i0.wp.com\/politicosaldesnudo.com.mx\/wp-content\/uploads\/2025\/02\/IMDEST-2.jpg?fit=696%2C400&ssl=1","jetpack-related-posts":[],"jetpack_sharing_enabled":true,"_links":{"self":[{"href":"https:\/\/politicosaldesnudo.com.mx\/index.php\/wp-json\/wp\/v2\/posts\/57536","targetHints":{"allow":["GET"]}}],"collection":[{"href":"https:\/\/politicosaldesnudo.com.mx\/index.php\/wp-json\/wp\/v2\/posts"}],"about":[{"href":"https:\/\/politicosaldesnudo.com.mx\/index.php\/wp-json\/wp\/v2\/types\/post"}],"author":[{"embeddable":true,"href":"https:\/\/politicosaldesnudo.com.mx\/index.php\/wp-json\/wp\/v2\/users\/4"}],"replies":[{"embeddable":true,"href":"https:\/\/politicosaldesnudo.com.mx\/index.php\/wp-json\/wp\/v2\/comments?post=57536"}],"version-history":[{"count":0,"href":"https:\/\/politicosaldesnudo.com.mx\/index.php\/wp-json\/wp\/v2\/posts\/57536\/revisions"}],"wp:featuredmedia":[{"embeddable":true,"href":"https:\/\/politicosaldesnudo.com.mx\/index.php\/wp-json\/wp\/v2\/media\/57537"}],"wp:attachment":[{"href":"https:\/\/politicosaldesnudo.com.mx\/index.php\/wp-json\/wp\/v2\/media?parent=57536"}],"wp:term":[{"taxonomy":"category","embeddable":true,"href":"https:\/\/politicosaldesnudo.com.mx\/index.php\/wp-json\/wp\/v2\/categories?post=57536"},{"taxonomy":"post_tag","embeddable":true,"href":"https:\/\/politicosaldesnudo.com.mx\/index.php\/wp-json\/wp\/v2\/tags?post=57536"}],"curies":[{"name":"wp","href":"https:\/\/api.w.org\/{rel}","templated":true}]}}