{"id":57572,"date":"2025-02-26T00:11:53","date_gmt":"2025-02-26T06:11:53","guid":{"rendered":"https:\/\/politicosaldesnudo.com.mx\/?p=57572"},"modified":"2025-02-25T22:24:09","modified_gmt":"2025-02-26T04:24:09","slug":"aranceles-y-despidos-merman-confianza-de-consumidores-de-eu","status":"publish","type":"post","link":"https:\/\/politicosaldesnudo.com.mx\/index.php\/2025\/02\/26\/aranceles-y-despidos-merman-confianza-de-consumidores-de-eu\/","title":{"rendered":"Aranceles y despidos merman confianza de consumidores de EU"},"content":{"rendered":"<p>La confianza de los consumidores estadunidenses sufri\u00f3 en febrero su mayor deterioro en tres a\u00f1os y medio, con un alza de las expectativas de inflaci\u00f3n a 12 meses, una se\u00f1al m\u00e1s de que los estadunidenses est\u00e1n cada vez m\u00e1s ansiosos por el potencial impacto negativo de las pol\u00edticas del presidente Donald Trump.<\/p>\n<p>La encuesta del Conference Board del martes se\u00f1al\u00f3 que \u201clos comentarios sobre la administraci\u00f3n actual y sus pol\u00edticas dominaron las respuestas\u201d.<\/p>\n<p>Los aranceles a las importaciones, que Trump ya ha impuesto o planea imponer, han sido se\u00f1alados como el principal problema en casi todas los sondeos de hogares y empresas.<\/p>\n<p>Economistas dijeron que los despidos sin precedentes de empleados del gobierno federal tambi\u00e9n estaban afectando el \u00e1nimo de los consumidores lo que, agregaron, representa un riesgo para el gasto, el principal motor de la econom\u00eda.<\/p>\n<p>El Conference Board dijo que su \u00edndice de confianza del consumidor cay\u00f3 7 puntos, el mayor descenso desde agosto de 2021, a 98.3 este mes. Los economistas encuestados por Reuters hab\u00edan pronosticado una ca\u00edda del \u00edndice, pero s\u00f3lo a 102.5 puntos.<\/p>\n<p>El tercer descenso mensual consecutivo situ\u00f3 al \u00edndice en el nivel m\u00e1s bajo desde junio de 2024. Ahora se ubica en la parte baja del rango que ha prevalecido desde 2022.<\/p>\n<p>\u201cHubo un fuerte aumento en las menciones al comercio y los aranceles, volviendo a un nivel no visto desde 2019. M\u00e1s notablemente, los comentarios sobre el gobierno actual y sus pol\u00edticas dominaron las respuestas\u201d, dijo Stephanie Guichard, economista principal de indicadores globales de The Conference Board.<\/p>\n<p>La confianza de las empresas y los consumidores se dispar\u00f3 tras la victoria de Trump el 5 de noviembre, con la esperanza de un entorno regulatorio menos estricto, recortes de impuestos y una baja inflaci\u00f3n.<\/p>\n<p>Ahora las expectativas promedio de inflaci\u00f3n a 12 meses saltaron a 6 por ciento, el nivel m\u00e1s alto desde mayo de 2023, desde 5.2 por ciento de febrero.<\/p>\n","protected":false},"excerpt":{"rendered":"<p>La confianza de los consumidores estadunidenses sufri\u00f3 en febrero su mayor deterioro en tres a\u00f1os y medio, con un alza<\/p>\n","protected":false},"author":4,"featured_media":57573,"comment_status":"closed","ping_status":"closed","sticky":false,"template":"","format":"standard","meta":{"colormag_page_container_layout":"default_layout","colormag_page_sidebar_layout":"default_layout","_jetpack_memberships_contains_paid_content":false,"footnotes":"","jetpack_publicize_message":"","jetpack_publicize_feature_enabled":true,"jetpack_social_post_already_shared":false,"jetpack_social_options":{"image_generator_settings":{"template":"highway","default_image_id":0,"font":"","enabled":false},"version":2}},"categories":[2050],"tags":[],"class_list":["post-57572","post","type-post","status-publish","format-standard","has-post-thumbnail","hentry","category-economia"],"jetpack_publicize_connections":[],"jetpack_featured_media_url":"https:\/\/i0.wp.com\/politicosaldesnudo.com.mx\/wp-content\/uploads\/2025\/02\/SDG.jpg?fit=533%2C342&ssl=1","jetpack-related-posts":[],"jetpack_sharing_enabled":true,"_links":{"self":[{"href":"https:\/\/politicosaldesnudo.com.mx\/index.php\/wp-json\/wp\/v2\/posts\/57572","targetHints":{"allow":["GET"]}}],"collection":[{"href":"https:\/\/politicosaldesnudo.com.mx\/index.php\/wp-json\/wp\/v2\/posts"}],"about":[{"href":"https:\/\/politicosaldesnudo.com.mx\/index.php\/wp-json\/wp\/v2\/types\/post"}],"author":[{"embeddable":true,"href":"https:\/\/politicosaldesnudo.com.mx\/index.php\/wp-json\/wp\/v2\/users\/4"}],"replies":[{"embeddable":true,"href":"https:\/\/politicosaldesnudo.com.mx\/index.php\/wp-json\/wp\/v2\/comments?post=57572"}],"version-history":[{"count":0,"href":"https:\/\/politicosaldesnudo.com.mx\/index.php\/wp-json\/wp\/v2\/posts\/57572\/revisions"}],"wp:featuredmedia":[{"embeddable":true,"href":"https:\/\/politicosaldesnudo.com.mx\/index.php\/wp-json\/wp\/v2\/media\/57573"}],"wp:attachment":[{"href":"https:\/\/politicosaldesnudo.com.mx\/index.php\/wp-json\/wp\/v2\/media?parent=57572"}],"wp:term":[{"taxonomy":"category","embeddable":true,"href":"https:\/\/politicosaldesnudo.com.mx\/index.php\/wp-json\/wp\/v2\/categories?post=57572"},{"taxonomy":"post_tag","embeddable":true,"href":"https:\/\/politicosaldesnudo.com.mx\/index.php\/wp-json\/wp\/v2\/tags?post=57572"}],"curies":[{"name":"wp","href":"https:\/\/api.w.org\/{rel}","templated":true}]}}