{"id":57578,"date":"2025-02-26T00:13:33","date_gmt":"2025-02-26T06:13:33","guid":{"rendered":"https:\/\/politicosaldesnudo.com.mx\/?p=57578"},"modified":"2025-02-25T22:29:42","modified_gmt":"2025-02-26T04:29:42","slug":"ciudadanos-piden-juicio-politico-contra-titular-de-sedema-en-nl","status":"publish","type":"post","link":"https:\/\/politicosaldesnudo.com.mx\/index.php\/2025\/02\/26\/ciudadanos-piden-juicio-politico-contra-titular-de-sedema-en-nl\/","title":{"rendered":"Ciudadanos piden juicio pol\u00edtico contra titular de Sedema en NL"},"content":{"rendered":"<p>Aristeo Benavides, ciudadano del municipio de Cerralvo,\u00a0envi\u00f3\u00a0un escrito\u00a0a\u00a0la presidenta del Congreso\u00a0local,\u00a0Lorena de la Garza, para\u00a0solicitar que se realice\u00a0un juicio pol\u00edtico contra el secretario de Medio Ambiente\u00a0estatal, Alfonso Mart\u00ednez.<\/p>\n<p>Benavides sostuvo adem\u00e1s\u00a0que el lunes\u00a0pasado hubo\u00a0mala calidad del aire en todo el estado,\u00a0pero\u00a0no se emiti\u00f3 ninguna alerta ambiental.<\/p>\n<p>\u201cHe presentado denuncias, no les\u00a0dan seguimiento, s\u00f3lo acumulan. En cuanto a la Sierra de Picachos, hay una pedrera que sigue contaminando\u00a0el \u00e1rea natural protegida\u00a0(ANP)\u00a0de Sierra de Picachos y al d\u00eda de hoy, el secretario no ha movido ni un dedo\u201d, manifest\u00f3\u00a0luego que dej\u00f3 su documento\u00a0en la\u00a0oficial\u00eda de\u00a0partes\u00a0del Congreso del\u00a0estado de Nuevo Le\u00f3n.<\/p>\n<p>En su documento,\u00a0Benavides se\u00f1al\u00f3 que el \u00c1rea Natural de Sierra de Picachos, ubicada en Cerralvo, est\u00e1\u00a0siendo deforestada y\u00a0hay trabajos de\u00a0extracci\u00f3n de piedra\u00a0caliza en esa zona, lo cual ocasiona que\u00a0la demarcaci\u00f3n\u00a0permanezca contaminada\u00a0y genere problemas de salud en la poblaci\u00f3n.<\/p>\n<p>\u201cLos hechos que se denunciaron fueron\u00a0almacenamiento y dispersi\u00f3n de materiales procedentes de la explotaci\u00f3n de calizas en el \u00c1rea Natural Protegida Ecosistemas de la Sierra Picachos, con una extensi\u00f3n estimada de 6\u00a0mil\u00a0671 metros cuadrados\u201d,\u00a0acot\u00f3.<\/p>\n<p>A\u00f1adi\u00f3 que en Cerralvo se realizan \u201ctrabajos de explotaci\u00f3n de calizas en el ANP Ecosistemas de la Sierra Picachos, con una extensi\u00f3n estimada de\u00a0mil\u00a0997 metros cuadrados. Esta actividad ha generado preocupaciones ambientales, incluyendo la alteraci\u00f3n del paisaje natural y potenciales riesgos a la biodiversidad de la zona\u201d.<\/p>\n<p>Consider\u00f3 igualmente que\u00a0\u201cCerralvo sigue igual en cuanto a deficiencia, en cuanto a da\u00f1os ambientales, una verg\u00fcenza que tengamos una Secretar\u00eda de Medio Ambiente creada hace tres a\u00f1os y no hemos visto cambios\u201d.<\/p>\n<p>En este contexto,\u00a0durante la\u00a0sesi\u00f3n\u00a0ordinaria\u00a0de este martes,\u00a0la legislatura local\u00a0aprob\u00f3 con 39 votos a favor la creaci\u00f3n de una\u00a0mesa de\u00a0trabajo para atender el problema de la calidad del aire en la Zona Metropolitana de Monterrey.<\/p>\n<p>La propuesta fue hecha por el coordinador de la bancada del\u00a0Partido Acci\u00f3n Nacional\u00a0en el\u00a0pleno del Congreso de Nuevo Le\u00f3n, Carlos de la Fuente,\u00a0la\u00a0cual tuvo el apoyo de los l\u00edderes de los dem\u00e1s partidos, como\u00a0el pri\u00edsta\u00a0Heriberto Trevi\u00f1o y Mike Flores, de\u00a0Movimiento Ciudadano.<\/p>\n<p>En ella, los legisladores solicitaron la participaci\u00f3n del secretario de Medio Ambiente de Nuevo Le\u00f3n, Alfonso Mart\u00ednez,\u00a0y\u00a0de\u00a0la secretaria de Salud\u00a0estatal, Alma Rosa Marroqu\u00edn, as\u00ed como\u00a0de\u00a0expertos, para poder tomar medidas y soluciones ante esta problem\u00e1tica.<\/p>\n","protected":false},"excerpt":{"rendered":"<p>Aristeo Benavides, ciudadano del municipio de Cerralvo,\u00a0envi\u00f3\u00a0un escrito\u00a0a\u00a0la presidenta del Congreso\u00a0local,\u00a0Lorena de la Garza, para\u00a0solicitar que se realice\u00a0un juicio pol\u00edtico<\/p>\n","protected":false},"author":4,"featured_media":57579,"comment_status":"closed","ping_status":"closed","sticky":false,"template":"","format":"standard","meta":{"colormag_page_container_layout":"default_layout","colormag_page_sidebar_layout":"default_layout","_jetpack_memberships_contains_paid_content":false,"footnotes":"","jetpack_publicize_message":"","jetpack_publicize_feature_enabled":true,"jetpack_social_post_already_shared":false,"jetpack_social_options":{"image_generator_settings":{"template":"highway","default_image_id":0,"font":"","enabled":false},"version":2}},"categories":[30],"tags":[],"class_list":["post-57578","post","type-post","status-publish","format-standard","has-post-thumbnail","hentry","category-estados"],"jetpack_publicize_connections":[],"jetpack_featured_media_url":"https:\/\/i0.wp.com\/politicosaldesnudo.com.mx\/wp-content\/uploads\/2025\/02\/alfonso-martinez-munoz-secretario-ambiente.jpg?fit=1200%2C678&ssl=1","jetpack-related-posts":[],"jetpack_sharing_enabled":true,"_links":{"self":[{"href":"https:\/\/politicosaldesnudo.com.mx\/index.php\/wp-json\/wp\/v2\/posts\/57578","targetHints":{"allow":["GET"]}}],"collection":[{"href":"https:\/\/politicosaldesnudo.com.mx\/index.php\/wp-json\/wp\/v2\/posts"}],"about":[{"href":"https:\/\/politicosaldesnudo.com.mx\/index.php\/wp-json\/wp\/v2\/types\/post"}],"author":[{"embeddable":true,"href":"https:\/\/politicosaldesnudo.com.mx\/index.php\/wp-json\/wp\/v2\/users\/4"}],"replies":[{"embeddable":true,"href":"https:\/\/politicosaldesnudo.com.mx\/index.php\/wp-json\/wp\/v2\/comments?post=57578"}],"version-history":[{"count":0,"href":"https:\/\/politicosaldesnudo.com.mx\/index.php\/wp-json\/wp\/v2\/posts\/57578\/revisions"}],"wp:featuredmedia":[{"embeddable":true,"href":"https:\/\/politicosaldesnudo.com.mx\/index.php\/wp-json\/wp\/v2\/media\/57579"}],"wp:attachment":[{"href":"https:\/\/politicosaldesnudo.com.mx\/index.php\/wp-json\/wp\/v2\/media?parent=57578"}],"wp:term":[{"taxonomy":"category","embeddable":true,"href":"https:\/\/politicosaldesnudo.com.mx\/index.php\/wp-json\/wp\/v2\/categories?post=57578"},{"taxonomy":"post_tag","embeddable":true,"href":"https:\/\/politicosaldesnudo.com.mx\/index.php\/wp-json\/wp\/v2\/tags?post=57578"}],"curies":[{"name":"wp","href":"https:\/\/api.w.org\/{rel}","templated":true}]}}