{"id":57698,"date":"2025-02-28T00:02:23","date_gmt":"2025-02-28T06:02:23","guid":{"rendered":"https:\/\/politicosaldesnudo.com.mx\/?p=57698"},"modified":"2025-02-27T22:28:14","modified_gmt":"2025-02-28T04:28:14","slug":"universitarios-de-upav-se-quedan-sin-becas","status":"publish","type":"post","link":"https:\/\/politicosaldesnudo.com.mx\/index.php\/2025\/02\/28\/universitarios-de-upav-se-quedan-sin-becas\/","title":{"rendered":"Universitarios de UPAV se quedan sin Becas"},"content":{"rendered":"<p>Preocupados est\u00e1n los alumnos de la Universidad Popular Aut\u00f3noma de Veracruz, UPAV, porque la instituci\u00f3n no aparece como parte de las escuelas beneficiadas con la Beca Benito Ju\u00e1rez, y al t\u00e9rmino de la inscripci\u00f3n se han quedado fuera de este importante apoyo.<\/p>\n<p>Lo anterior, en la modalidad de Bachillerato, que brinda dicha instituci\u00f3n y ante el cierre inminente de la plataforma este 28 de febrero, los j\u00f3venes esperan una respuesta positiva por parte de las autoridades escolares.<\/p>\n<p>\u00abQuisiera pedir de favor que acudan a la universidad y se tomen el tiempo de verificar que nadie de los alumnos contamos con esta beca, la plataforma nos marca la universidad como si fuera privada y que estas sedes no pueden solicitar la beca, en nombre de muchos que s\u00ed tenemos excelente promedio y somos candidatos para la beca, les pedimos por favor a las autoridades del bienestar, que nos tomen en cuenta, porque si lo necesitamos\u00bb, coment\u00f3.<\/p>\n<p>La plataforma del programa cerr\u00f3 este viernes 28 de febrero, y cada beneficiario recibe la cantidad de 1900 pesos cada bimestre, aunque tambi\u00e9n est\u00e1 el apoyo de j\u00f3venes construyendo el futuro para el nivel superior.<\/p>\n","protected":false},"excerpt":{"rendered":"<p>Preocupados est\u00e1n los alumnos de la Universidad Popular Aut\u00f3noma de Veracruz, UPAV, porque la instituci\u00f3n no aparece como parte de<\/p>\n","protected":false},"author":4,"featured_media":57699,"comment_status":"closed","ping_status":"closed","sticky":false,"template":"","format":"standard","meta":{"colormag_page_container_layout":"default_layout","colormag_page_sidebar_layout":"default_layout","_jetpack_memberships_contains_paid_content":false,"footnotes":"","jetpack_publicize_message":"","jetpack_publicize_feature_enabled":true,"jetpack_social_post_already_shared":false,"jetpack_social_options":{"image_generator_settings":{"template":"highway","default_image_id":0,"font":"","enabled":false},"version":2}},"categories":[1082],"tags":[],"class_list":["post-57698","post","type-post","status-publish","format-standard","has-post-thumbnail","hentry","category-tuxpan"],"jetpack_publicize_connections":[],"jetpack_featured_media_url":"https:\/\/i0.wp.com\/politicosaldesnudo.com.mx\/wp-content\/uploads\/2025\/02\/5b-7.jpg?fit=1431%2C960&ssl=1","jetpack-related-posts":[],"jetpack_sharing_enabled":true,"_links":{"self":[{"href":"https:\/\/politicosaldesnudo.com.mx\/index.php\/wp-json\/wp\/v2\/posts\/57698","targetHints":{"allow":["GET"]}}],"collection":[{"href":"https:\/\/politicosaldesnudo.com.mx\/index.php\/wp-json\/wp\/v2\/posts"}],"about":[{"href":"https:\/\/politicosaldesnudo.com.mx\/index.php\/wp-json\/wp\/v2\/types\/post"}],"author":[{"embeddable":true,"href":"https:\/\/politicosaldesnudo.com.mx\/index.php\/wp-json\/wp\/v2\/users\/4"}],"replies":[{"embeddable":true,"href":"https:\/\/politicosaldesnudo.com.mx\/index.php\/wp-json\/wp\/v2\/comments?post=57698"}],"version-history":[{"count":0,"href":"https:\/\/politicosaldesnudo.com.mx\/index.php\/wp-json\/wp\/v2\/posts\/57698\/revisions"}],"wp:featuredmedia":[{"embeddable":true,"href":"https:\/\/politicosaldesnudo.com.mx\/index.php\/wp-json\/wp\/v2\/media\/57699"}],"wp:attachment":[{"href":"https:\/\/politicosaldesnudo.com.mx\/index.php\/wp-json\/wp\/v2\/media?parent=57698"}],"wp:term":[{"taxonomy":"category","embeddable":true,"href":"https:\/\/politicosaldesnudo.com.mx\/index.php\/wp-json\/wp\/v2\/categories?post=57698"},{"taxonomy":"post_tag","embeddable":true,"href":"https:\/\/politicosaldesnudo.com.mx\/index.php\/wp-json\/wp\/v2\/tags?post=57698"}],"curies":[{"name":"wp","href":"https:\/\/api.w.org\/{rel}","templated":true}]}}