{"id":57701,"date":"2025-02-28T00:03:24","date_gmt":"2025-02-28T06:03:24","guid":{"rendered":"https:\/\/politicosaldesnudo.com.mx\/?p=57701"},"modified":"2025-02-27T22:29:01","modified_gmt":"2025-02-28T04:29:01","slug":"invitan-al-mercado-solidario-comunitario","status":"publish","type":"post","link":"https:\/\/politicosaldesnudo.com.mx\/index.php\/2025\/02\/28\/invitan-al-mercado-solidario-comunitario\/","title":{"rendered":"Invitan al Mercado Solidario Comunitario"},"content":{"rendered":"<p>Con el objetivo de impulsar la econom\u00eda local y fomentar el consumo de productos regionales, el pr\u00f3ximo 2 de marzo se llevar\u00e1 a cabo un Mercado Solidario Comunitario en la Plaza C\u00edvica.<\/p>\n<p>Este evento reunir\u00e1 a productores y artesanos de distintas comunidades, quienes ofrecer\u00e1n una gran variedad de productos cosechados y elaborados por sus propias manos. Los asistentes podr\u00e1n encontrar calabazas, frijol, pl\u00e1tano, naranjas, as\u00ed como comidas preparadas, golosinas y artesan\u00edas, entre otros art\u00edculos hechos por manos tuxpe\u00f1as.<\/p>\n<p>Los organizadores hacen un llamado a la poblaci\u00f3n para que apoye el comercio local y valore el esfuerzo de quienes trabajan en el campo y la producci\u00f3n artesanal. Este mercado no solo representa una oportunidad de adquirir productos frescos y de calidad, sino tambi\u00e9n de fortalecer la econom\u00eda de las comunidades rurales.<\/p>\n<p>La cita es en la Plaza C\u00edvica, donde los tuxpe\u00f1os podr\u00e1n disfrutar de un ambiente de comunidad y solidaridad, mientras descubren la riqueza de los productos que ofrece la regi\u00f3n.<\/p>\n","protected":false},"excerpt":{"rendered":"<p>Con el objetivo de impulsar la econom\u00eda local y fomentar el consumo de productos regionales, el pr\u00f3ximo 2 de marzo<\/p>\n","protected":false},"author":4,"featured_media":57702,"comment_status":"closed","ping_status":"closed","sticky":false,"template":"","format":"standard","meta":{"colormag_page_container_layout":"default_layout","colormag_page_sidebar_layout":"default_layout","_jetpack_memberships_contains_paid_content":false,"footnotes":"","jetpack_publicize_message":"","jetpack_publicize_feature_enabled":true,"jetpack_social_post_already_shared":false,"jetpack_social_options":{"image_generator_settings":{"template":"highway","default_image_id":0,"font":"","enabled":false},"version":2}},"categories":[1082],"tags":[],"class_list":["post-57701","post","type-post","status-publish","format-standard","has-post-thumbnail","hentry","category-tuxpan"],"jetpack_publicize_connections":[],"jetpack_featured_media_url":"https:\/\/i0.wp.com\/politicosaldesnudo.com.mx\/wp-content\/uploads\/2025\/02\/5c-8.jpg?fit=1280%2C576&ssl=1","jetpack-related-posts":[],"jetpack_sharing_enabled":true,"_links":{"self":[{"href":"https:\/\/politicosaldesnudo.com.mx\/index.php\/wp-json\/wp\/v2\/posts\/57701","targetHints":{"allow":["GET"]}}],"collection":[{"href":"https:\/\/politicosaldesnudo.com.mx\/index.php\/wp-json\/wp\/v2\/posts"}],"about":[{"href":"https:\/\/politicosaldesnudo.com.mx\/index.php\/wp-json\/wp\/v2\/types\/post"}],"author":[{"embeddable":true,"href":"https:\/\/politicosaldesnudo.com.mx\/index.php\/wp-json\/wp\/v2\/users\/4"}],"replies":[{"embeddable":true,"href":"https:\/\/politicosaldesnudo.com.mx\/index.php\/wp-json\/wp\/v2\/comments?post=57701"}],"version-history":[{"count":0,"href":"https:\/\/politicosaldesnudo.com.mx\/index.php\/wp-json\/wp\/v2\/posts\/57701\/revisions"}],"wp:featuredmedia":[{"embeddable":true,"href":"https:\/\/politicosaldesnudo.com.mx\/index.php\/wp-json\/wp\/v2\/media\/57702"}],"wp:attachment":[{"href":"https:\/\/politicosaldesnudo.com.mx\/index.php\/wp-json\/wp\/v2\/media?parent=57701"}],"wp:term":[{"taxonomy":"category","embeddable":true,"href":"https:\/\/politicosaldesnudo.com.mx\/index.php\/wp-json\/wp\/v2\/categories?post=57701"},{"taxonomy":"post_tag","embeddable":true,"href":"https:\/\/politicosaldesnudo.com.mx\/index.php\/wp-json\/wp\/v2\/tags?post=57701"}],"curies":[{"name":"wp","href":"https:\/\/api.w.org\/{rel}","templated":true}]}}