{"id":57704,"date":"2025-02-28T00:04:17","date_gmt":"2025-02-28T06:04:17","guid":{"rendered":"https:\/\/politicosaldesnudo.com.mx\/?p=57704"},"modified":"2025-02-27T22:29:53","modified_gmt":"2025-02-28T04:29:53","slug":"toma-protesta-comite-de-vinculacion-del-conalep","status":"publish","type":"post","link":"https:\/\/politicosaldesnudo.com.mx\/index.php\/2025\/02\/28\/toma-protesta-comite-de-vinculacion-del-conalep\/","title":{"rendered":"Toma protesta Comit\u00e9 de Vinculaci\u00f3n del Conalep"},"content":{"rendered":"<p>Este jueves se llev\u00f3 a cabo la primera sesi\u00f3n del Comit\u00e9 de Vinculaci\u00f3n en el Conalep 165 \u00abJes\u00fas Reyes Heroles\u00bb de Tuxpan, Veracruz, donde tambi\u00e9n se realiz\u00f3 la toma de protesta del comit\u00e9. En esta sesi\u00f3n, se designaron a los miembros del comit\u00e9, incluyendo al Arq. Jos\u00e9 Luis V\u00e1zquez Cu\u00e9llar como presidente, a la Lic. Patricia C\u00e1novas V\u00e1zquez como secretaria ejecutiva, y a los Licenciados Jorge Arturo Garc\u00eda Robles y Modesto Olvera Vega como parte de la Comisi\u00f3n Acad\u00e9mica.<\/p>\n<p>La Mtra. Anah\u00ed Aguilar L\u00f3pez, Regidora Cuarta, tambi\u00e9n participar\u00e1 en el comit\u00e9 como comisionada en la obtenci\u00f3n de recursos. El objetivo principal de este comit\u00e9 es mejorar la operaci\u00f3n y el desarrollo del potencial del CONALEP 165, lo que representar\u00e1 una oportunidad para fortalecer las actividades y generar un espacio donde todos los integrantes contribuyan activamente al crecimiento del plantel y al desarrollo econ\u00f3mico del municipio.<\/p>\n<p>El comit\u00e9 busca trabajar en unidad para lograr fortalecer los lazos y hacer crecer la ciudad. Esta iniciativa es un paso importante hacia el desarrollo integral de la comunidad, y se espera que tenga un impacto positivo en la regi\u00f3n.<\/p>\n<p>Con la creaci\u00f3n de este comit\u00e9, se abre una oportunidad para que los miembros trabajen juntos para alcanzar objetivos comunes y mejorar la calidad de vida de los habitantes de Tuxpan. Se espera que este esfuerzo conjunto tenga un impacto duradero y positivo en la comunidad.<\/p>\n","protected":false},"excerpt":{"rendered":"<p>Este jueves se llev\u00f3 a cabo la primera sesi\u00f3n del Comit\u00e9 de Vinculaci\u00f3n en el Conalep 165 \u00abJes\u00fas Reyes Heroles\u00bb<\/p>\n","protected":false},"author":4,"featured_media":57705,"comment_status":"closed","ping_status":"closed","sticky":false,"template":"","format":"standard","meta":{"colormag_page_container_layout":"default_layout","colormag_page_sidebar_layout":"default_layout","_jetpack_memberships_contains_paid_content":false,"footnotes":"","jetpack_publicize_message":"","jetpack_publicize_feature_enabled":true,"jetpack_social_post_already_shared":false,"jetpack_social_options":{"image_generator_settings":{"template":"highway","default_image_id":0,"font":"","enabled":false},"version":2}},"categories":[1082],"tags":[],"class_list":["post-57704","post","type-post","status-publish","format-standard","has-post-thumbnail","hentry","category-tuxpan"],"jetpack_publicize_connections":[],"jetpack_featured_media_url":"https:\/\/i0.wp.com\/politicosaldesnudo.com.mx\/wp-content\/uploads\/2025\/02\/3c-6.jpg?fit=1600%2C900&ssl=1","jetpack-related-posts":[],"jetpack_sharing_enabled":true,"_links":{"self":[{"href":"https:\/\/politicosaldesnudo.com.mx\/index.php\/wp-json\/wp\/v2\/posts\/57704","targetHints":{"allow":["GET"]}}],"collection":[{"href":"https:\/\/politicosaldesnudo.com.mx\/index.php\/wp-json\/wp\/v2\/posts"}],"about":[{"href":"https:\/\/politicosaldesnudo.com.mx\/index.php\/wp-json\/wp\/v2\/types\/post"}],"author":[{"embeddable":true,"href":"https:\/\/politicosaldesnudo.com.mx\/index.php\/wp-json\/wp\/v2\/users\/4"}],"replies":[{"embeddable":true,"href":"https:\/\/politicosaldesnudo.com.mx\/index.php\/wp-json\/wp\/v2\/comments?post=57704"}],"version-history":[{"count":0,"href":"https:\/\/politicosaldesnudo.com.mx\/index.php\/wp-json\/wp\/v2\/posts\/57704\/revisions"}],"wp:featuredmedia":[{"embeddable":true,"href":"https:\/\/politicosaldesnudo.com.mx\/index.php\/wp-json\/wp\/v2\/media\/57705"}],"wp:attachment":[{"href":"https:\/\/politicosaldesnudo.com.mx\/index.php\/wp-json\/wp\/v2\/media?parent=57704"}],"wp:term":[{"taxonomy":"category","embeddable":true,"href":"https:\/\/politicosaldesnudo.com.mx\/index.php\/wp-json\/wp\/v2\/categories?post=57704"},{"taxonomy":"post_tag","embeddable":true,"href":"https:\/\/politicosaldesnudo.com.mx\/index.php\/wp-json\/wp\/v2\/tags?post=57704"}],"curies":[{"name":"wp","href":"https:\/\/api.w.org\/{rel}","templated":true}]}}