{"id":57707,"date":"2025-02-28T00:05:23","date_gmt":"2025-02-28T06:05:23","guid":{"rendered":"https:\/\/politicosaldesnudo.com.mx\/?p=57707"},"modified":"2025-02-27T22:43:37","modified_gmt":"2025-02-28T04:43:37","slug":"exige-oposicion-formular-declaratoria-de-reforma-al-salario-minimo","status":"publish","type":"post","link":"https:\/\/politicosaldesnudo.com.mx\/index.php\/2025\/02\/28\/exige-oposicion-formular-declaratoria-de-reforma-al-salario-minimo\/","title":{"rendered":"Exige oposici\u00f3n formular declaratoria de reforma al salario m\u00ednimo"},"content":{"rendered":"<p class=\"nota-justify\">La oposici\u00f3n en el Senado y la C\u00e1mara de Diputados exigi\u00f3 formular de inmediato la declaratoria de la reforma constitucional por la que los aumentos al salario m\u00ednimo no podr\u00e1n estar nunca por debajo de la inflaci\u00f3n, ya que est\u00e1 congelada desde octubre, a pesar de que fue aprobada por unanimidad en el Congreso federal y la avalan ya 21 legislaturas estatales.<\/p>\n<p class=\"nota-justify\">El coordinador de MC en el Senado, Clemente Casta\u00f1eda, present\u00f3 hoy un oficio dirigido al presidente del Senado, Gerardo Fern\u00e1ndez Noro\u00f1a, en el que le demanda hacer de inmediato la declaratoria respectiva, ya que el no permitir que concluya el proceso legislativo y se promulgue la reforma, se impide que se puedan mejorar y en alguno casos duplicar los salarios de maestros, m\u00e9dicos, enfermeras, polic\u00edas y personal de seguridad p\u00fablica.<\/p>\n<p class=\"nota-justify\">Acompa\u00f1ado del diputado de ese partido, Pablo V\u00e1zquez Ahued, expuso que le extra\u00f1a \u201cmuch\u00edsimo esa omisi\u00f3n de la mesa directiva del Senado\u201d, de dejar pasar cuatro meses sin la declaraci\u00f3n de constitucionalidad de esa reforma al Art\u00edculo 123 Constitucional\u201d.<\/p>\n<p class=\"nota-justify\">Sobre la posibilidad de que ello se deba al alto impacto presupuestal que significa elevar los salarios de casi un mill\u00f3n y medio de maestros y de casi medio mill\u00f3n m\u00e1s de servidores p\u00fablicos del sector de salud y seguridad, el senador Casta\u00f1eda respondi\u00f3 que, si ello fuera cierto, \u201clo menos que merece el pueblo de M\u00e9xico es una explicaci\u00f3n\u201d.<\/p>\n<p class=\"nota-justify\">Es demagogia, agreg\u00f3, si antes de hacer una reforma de esta naturaleza, no revisaron el impacto financiero y por eso la detienen. \u201cNosotros en MC no dejamos de hacer lo que nos toc\u00f3 que fue aprobar esa reforma y lo que que estamos exigiendo es que la mesa directiva del Senado haga la declaratoria.<\/p>\n<p class=\"nota-justify\">Expuso que se beneficiar\u00e1 a millones de trabajadores del sector p\u00fablico a trav\u00e9s de lo establecido en la fraccion IV del 123 Constitucional en el sentido de que \u201clas maestras y los maestros de nivel b\u00e1sico de tiempo completo, polic\u00edas, guardias nacionales, integrantes de la Fuerza Armada Permanente, as\u00ed como m\u00e9dicos y enfermeros, recibir\u00e1n un salario mensual que no podr\u00e1 ser inferior al salario promedio registrado ante el Instituto Mexicano del Seguro Social (IMSS)\u201d. Este es actualmente de 18 mil 510 pesos mensuales.<\/p>\n<p class=\"nota-justify\">\u201cSi hay alg\u00fan impedimento de car\u00e1cter econ\u00f3mico, tendr\u00e1 que hacerse responsable el gobierno\u201d, recalc\u00f3.<\/p>\n<p class=\"nota-justify\">Por su parte,el diputado V\u00e1zquez Ulloa, coment\u00f3 que el presidente de la C\u00e1mara de Diputados, Sergio Guti\u00e9rrez Luna, a quien pregunt\u00f3 por la demora en concluir el proceso del Constituyente, cuando en las dem\u00e1s reformas del Plan C, las sacaron en menos de una semana, le respondi\u00f3 que podr\u00eda ser que la mayor\u00eda los congresos estatales a\u00fan no hab\u00edan aprobado la reforma o no han hecho llegar al Senado los votos.<\/p>\n<p class=\"nota-justify\">\u201cPor ello, e \u201cnos dimos a la tarea de conseguir los acuses de recibo\u201d de 21 legislaturas, que son m\u00e1s de la mitad mas uno requeridas.<\/p>\n<p class=\"nota-justify\">Los grupos de PRI y PAN se sumar\u00e1n a la exigencia de MC.<\/p>\n","protected":false},"excerpt":{"rendered":"<p>La oposici\u00f3n en el Senado y la C\u00e1mara de Diputados exigi\u00f3 formular de inmediato la declaratoria de la reforma constitucional<\/p>\n","protected":false},"author":4,"featured_media":57708,"comment_status":"closed","ping_status":"closed","sticky":false,"template":"","format":"standard","meta":{"colormag_page_container_layout":"default_layout","colormag_page_sidebar_layout":"default_layout","_jetpack_memberships_contains_paid_content":false,"footnotes":"","jetpack_publicize_message":"","jetpack_publicize_feature_enabled":true,"jetpack_social_post_already_shared":false,"jetpack_social_options":{"image_generator_settings":{"template":"highway","default_image_id":0,"font":"","enabled":false},"version":2}},"categories":[33],"tags":[],"class_list":["post-57707","post","type-post","status-publish","format-standard","has-post-thumbnail","hentry","category-nacional"],"jetpack_publicize_connections":[],"jetpack_featured_media_url":"https:\/\/i0.wp.com\/politicosaldesnudo.com.mx\/wp-content\/uploads\/2025\/02\/sueldo-dinero-economia-peso.jpg?fit=750%2C500&ssl=1","jetpack-related-posts":[],"jetpack_sharing_enabled":true,"_links":{"self":[{"href":"https:\/\/politicosaldesnudo.com.mx\/index.php\/wp-json\/wp\/v2\/posts\/57707","targetHints":{"allow":["GET"]}}],"collection":[{"href":"https:\/\/politicosaldesnudo.com.mx\/index.php\/wp-json\/wp\/v2\/posts"}],"about":[{"href":"https:\/\/politicosaldesnudo.com.mx\/index.php\/wp-json\/wp\/v2\/types\/post"}],"author":[{"embeddable":true,"href":"https:\/\/politicosaldesnudo.com.mx\/index.php\/wp-json\/wp\/v2\/users\/4"}],"replies":[{"embeddable":true,"href":"https:\/\/politicosaldesnudo.com.mx\/index.php\/wp-json\/wp\/v2\/comments?post=57707"}],"version-history":[{"count":0,"href":"https:\/\/politicosaldesnudo.com.mx\/index.php\/wp-json\/wp\/v2\/posts\/57707\/revisions"}],"wp:featuredmedia":[{"embeddable":true,"href":"https:\/\/politicosaldesnudo.com.mx\/index.php\/wp-json\/wp\/v2\/media\/57708"}],"wp:attachment":[{"href":"https:\/\/politicosaldesnudo.com.mx\/index.php\/wp-json\/wp\/v2\/media?parent=57707"}],"wp:term":[{"taxonomy":"category","embeddable":true,"href":"https:\/\/politicosaldesnudo.com.mx\/index.php\/wp-json\/wp\/v2\/categories?post=57707"},{"taxonomy":"post_tag","embeddable":true,"href":"https:\/\/politicosaldesnudo.com.mx\/index.php\/wp-json\/wp\/v2\/tags?post=57707"}],"curies":[{"name":"wp","href":"https:\/\/api.w.org\/{rel}","templated":true}]}}