{"id":57713,"date":"2025-02-28T00:07:40","date_gmt":"2025-02-28T06:07:40","guid":{"rendered":"https:\/\/politicosaldesnudo.com.mx\/?p=57713"},"modified":"2025-02-27T22:48:51","modified_gmt":"2025-02-28T04:48:51","slug":"monica-soto-asume-presidencia-de-comision-de-transicion-del-pj","status":"publish","type":"post","link":"https:\/\/politicosaldesnudo.com.mx\/index.php\/2025\/02\/28\/monica-soto-asume-presidencia-de-comision-de-transicion-del-pj\/","title":{"rendered":"Monica Soto asume presidencia de comisi\u00f3n de transici\u00f3n del PJ"},"content":{"rendered":"<p class=\"nota-justify\">La magistrada electoral M\u00f3nica Soto asumi\u00f3 la presidencia de la comisi\u00f3n de transici\u00f3n del Poder Judicial, cuyo objetivo es auxiliar al Consejo de la Judicatura Federal, a la Suprema Corte de Justicia de la Naci\u00f3n y al propio Tribunal Electoral del Poder Judicial de la Federaci\u00f3n (TEPJF) en la transferencia de recursos hacia las dos nuevas instancias: Tribunal de Disciplina Judicial y el \u00d3rgano de Administraci\u00f3n Judicial.<\/p>\n<p class=\"nota-justify\">Esta comisi\u00f3n de transici\u00f3n est\u00e1 integrada por la ministra presidenta, Norma Pi\u00f1a; Soto, presidenta del TEPJF; y por los consejeros de la Judicatura federal Bernardo B\u00e1tiz y Eva Ver\u00f3nica de Gyv\u00e9s Z\u00e1rate, adem\u00e1s del magistrado Sergio Javier Molina.<\/p>\n<p class=\"nota-justify\">Durante la s\u00e9ptima sesi\u00f3n ordinaria de la Comisi\u00f3n, Soto se comprometi\u00f3 a dar \u201cuna debida continuidad\u201d a estos trabajos cuyo compromiso es garantizar una transferencia efectiva de los recursos a los nuevos \u00f3rganos, derivados de la reforma constitucional al Poder Judicial.<\/p>\n<p class=\"nota-justify\">En este contexto se anunci\u00f3 la creaci\u00f3n de un micrositio en el cual se cargar\u00e1n los informes de entrega y recepci\u00f3n de los recursos materiales, humanos, financieros y presupuestales, entre otros asuntos.<\/p>\n<p class=\"nota-justify\"><strong>NEPOTISMO<\/strong><\/p>\n<p class=\"nota-justify\">En tanto, Felipe Fuentes, magistrado de la Sala Superior del TEPJF, dijo que el nepotismo y la falta de justicia pronta pasaron la factura a la legitimidad y confianza de los mexicanos en sus jueces.<\/p>\n<p class=\"nota-justify\">Ante esa falla del sistema de justicia que debi\u00f3 sustentarse en los m\u00e9ritos de sus integrantes y no de los lazos familiares, se pens\u00f3 la reforma judicial a partir de la cual los ministros, magistrados y jueces ser\u00e1n elegidos a trav\u00e9s del voto popular, asunto in\u00e9dito no solo en M\u00e9xico sino en el mundo.<\/p>\n<p class=\"nota-justify\">Durante un congreso de derechos humanos, destac\u00f3 que en nuestro pa\u00eds hay un clamor de justicia generalizado y de exigencia para que las personas juzgadoras sean cercanas a al gente porque la percepci\u00f3n es que aquellos son lejanos, poco sensibles y muy formalistas frente a sus problemas.<\/p>\n<p class=\"nota-justify\">Fuentes reiter\u00f3 que a los jueces electorales no les toca opinar si es correcta o no la reforma porque se trata de un mandato constitucional.<\/p>\n<p class=\"nota-justify\">En cuanto al dise\u00f1o de boletas, el empleo de una sola urna para todos los seis tipos de elecci\u00f3n del domingo 1 de junio, as\u00ed como el conteo de los sufragios en los consejos distritales, se\u00f1al\u00f3 que esos elementos corresponden al modelo que la autoridad electoral determin\u00f3.<\/p>\n<p class=\"nota-justify\">Neg\u00f3 que las caracter\u00edsticas de esta elecci\u00f3n hist\u00f3rica hagan a un lado a la participaci\u00f3n ciudadana, porque los consejos distritales \u2013 donde se van a contar los votos- son encabezados por funcionarios especializados del servicio profesional electoral nacional, y est\u00e1n integrados por ciudadanas y ciudadanas \u201cque garantizar\u00e1n el correcto conteo de los sufragios\u201d.<\/p>\n<p class=\"nota-justify\">\u201cEs una forma de organizaci\u00f3n pr\u00e1ctica que permite operatividad\u201d, dijo.<\/p>\n","protected":false},"excerpt":{"rendered":"<p>La magistrada electoral M\u00f3nica Soto asumi\u00f3 la presidencia de la comisi\u00f3n de transici\u00f3n del Poder Judicial, cuyo objetivo es auxiliar<\/p>\n","protected":false},"author":4,"featured_media":57714,"comment_status":"closed","ping_status":"closed","sticky":false,"template":"","format":"standard","meta":{"colormag_page_container_layout":"default_layout","colormag_page_sidebar_layout":"default_layout","_jetpack_memberships_contains_paid_content":false,"footnotes":"","jetpack_publicize_message":"","jetpack_publicize_feature_enabled":true,"jetpack_social_post_already_shared":false,"jetpack_social_options":{"image_generator_settings":{"template":"highway","default_image_id":0,"font":"","enabled":false},"version":2}},"categories":[33],"tags":[],"class_list":["post-57713","post","type-post","status-publish","format-standard","has-post-thumbnail","hentry","category-nacional"],"jetpack_publicize_connections":[],"jetpack_featured_media_url":"https:\/\/i0.wp.com\/politicosaldesnudo.com.mx\/wp-content\/uploads\/2025\/02\/MO-1.jpg?fit=757%2C391&ssl=1","jetpack-related-posts":[],"jetpack_sharing_enabled":true,"_links":{"self":[{"href":"https:\/\/politicosaldesnudo.com.mx\/index.php\/wp-json\/wp\/v2\/posts\/57713","targetHints":{"allow":["GET"]}}],"collection":[{"href":"https:\/\/politicosaldesnudo.com.mx\/index.php\/wp-json\/wp\/v2\/posts"}],"about":[{"href":"https:\/\/politicosaldesnudo.com.mx\/index.php\/wp-json\/wp\/v2\/types\/post"}],"author":[{"embeddable":true,"href":"https:\/\/politicosaldesnudo.com.mx\/index.php\/wp-json\/wp\/v2\/users\/4"}],"replies":[{"embeddable":true,"href":"https:\/\/politicosaldesnudo.com.mx\/index.php\/wp-json\/wp\/v2\/comments?post=57713"}],"version-history":[{"count":0,"href":"https:\/\/politicosaldesnudo.com.mx\/index.php\/wp-json\/wp\/v2\/posts\/57713\/revisions"}],"wp:featuredmedia":[{"embeddable":true,"href":"https:\/\/politicosaldesnudo.com.mx\/index.php\/wp-json\/wp\/v2\/media\/57714"}],"wp:attachment":[{"href":"https:\/\/politicosaldesnudo.com.mx\/index.php\/wp-json\/wp\/v2\/media?parent=57713"}],"wp:term":[{"taxonomy":"category","embeddable":true,"href":"https:\/\/politicosaldesnudo.com.mx\/index.php\/wp-json\/wp\/v2\/categories?post=57713"},{"taxonomy":"post_tag","embeddable":true,"href":"https:\/\/politicosaldesnudo.com.mx\/index.php\/wp-json\/wp\/v2\/tags?post=57713"}],"curies":[{"name":"wp","href":"https:\/\/api.w.org\/{rel}","templated":true}]}}