{"id":57716,"date":"2025-02-28T00:08:25","date_gmt":"2025-02-28T06:08:25","guid":{"rendered":"https:\/\/politicosaldesnudo.com.mx\/?p=57716"},"modified":"2025-02-27T22:50:26","modified_gmt":"2025-02-28T04:50:26","slug":"publica-sader-bases-para-fusionar-segalmex-con-diconsa","status":"publish","type":"post","link":"https:\/\/politicosaldesnudo.com.mx\/index.php\/2025\/02\/28\/publica-sader-bases-para-fusionar-segalmex-con-diconsa\/","title":{"rendered":"Publica Sader bases para fusionar Segalmex con Diconsa"},"content":{"rendered":"<p class=\"nota-justify\">La Secretar\u00eda de Agricultura y Desarrollo Rural (Sader) public\u00f3 las bases del proceso para fusionar Seguridad Alimentaria Mexicana (Segalmex) con Diconsa. El organismo que dirig\u00eda Ignacio Ovalle estuvo involucrado en un desfalco millonario y casos de corrupci\u00f3n.<\/p>\n<p class=\"nota-justify\">La elaboraci\u00f3n de inventarios de bienes; la entrega de todos los procedimientos administrativos, incluidos juicios, y la presentaci\u00f3n de los \u00faltimos estados financieros que ser\u00e1n dictaminados por un auditor externo que designe la Secretar\u00eda Anticorrupci\u00f3n, son algunos de los criterios que deber\u00e1 cumplir Segalmex en los pr\u00f3ximos 30 d\u00edas.<\/p>\n<p class=\"nota-justify\">Segalmex ha sido objeto en los \u00faltimos cinco a\u00f1os de diversas observaciones de la Auditor\u00eda Superior de la Federaci\u00f3n (ASF), por desv\u00edos millonarios o irregularidades en el ejercicio de recursos p\u00fablicos. Tan s\u00f3lo en la tercera entrega de la fiscalizaci\u00f3n de la Cuenta P\u00fablica 2023 se document\u00f3 un probable da\u00f1o al erario por 146 millones 603 mil 764 pesos.<\/p>\n<p class=\"nota-justify\">El acuerdo, que entra en vigor a partir de ma\u00f1ana viernes, establece un plazo de 24 meses, contados a partir del 14 de enero pasado, para concluir el proceso de desincorporaci\u00f3n por fusi\u00f3n, \u201csurtiendo efectos entre sus partes conforme al instrumento de fusi\u00f3n que al efecto suscriban, y ante terceros una vez que se haya llevado a cabo la inscripci\u00f3n en los Registros P\u00fablicos correspondientes\u201d.<\/p>\n<p class=\"nota-justify\">Tambi\u00e9n se se\u00f1ala que Diconsa ser\u00e1 la responsable de las obligaciones derivadas de juicios y procedimientos administrativos, de instrumentos contractuales iniciados, as\u00ed como de la atenci\u00f3n y seguimiento de cualquier asunto jurisdiccional o administrativo que se encuentre en tr\u00e1mite o pendiente de obtener resoluci\u00f3n definitiva por parte de Segalmex.<\/p>\n<p class=\"nota-justify\">Adem\u00e1s, dentro de los 15 d\u00edas h\u00e1biles siguientes a la entrada en vigor de las presentes bases, se deber\u00e1 informar la fusi\u00f3n a las partes de los contratos, convenios y dem\u00e1s instrumentos jur\u00eddicos vigentes, para los efectos a que haya lugar.<\/p>\n<p class=\"nota-justify\">De acuerdo con el gobierno federal mediante esta fusi\u00f3n se crear\u00e1 Alimentos para el Bienestar, que estar\u00e1 a cargo de la ex secretaria del Medio Ambiente, Mar\u00eda Luisa Albores.<\/p>\n","protected":false},"excerpt":{"rendered":"<p>La Secretar\u00eda de Agricultura y Desarrollo Rural (Sader) public\u00f3 las bases del proceso para fusionar Seguridad Alimentaria Mexicana (Segalmex) con<\/p>\n","protected":false},"author":4,"featured_media":57717,"comment_status":"closed","ping_status":"closed","sticky":false,"template":"","format":"standard","meta":{"colormag_page_container_layout":"default_layout","colormag_page_sidebar_layout":"default_layout","_jetpack_memberships_contains_paid_content":false,"footnotes":"","jetpack_publicize_message":"","jetpack_publicize_feature_enabled":true,"jetpack_social_post_already_shared":false,"jetpack_social_options":{"image_generator_settings":{"template":"highway","default_image_id":0,"font":"","enabled":false},"version":2}},"categories":[33],"tags":[],"class_list":["post-57716","post","type-post","status-publish","format-standard","has-post-thumbnail","hentry","category-nacional"],"jetpack_publicize_connections":[],"jetpack_featured_media_url":"https:\/\/i0.wp.com\/politicosaldesnudo.com.mx\/wp-content\/uploads\/2025\/02\/SEG-3.jpg?fit=754%2C518&ssl=1","jetpack-related-posts":[],"jetpack_sharing_enabled":true,"_links":{"self":[{"href":"https:\/\/politicosaldesnudo.com.mx\/index.php\/wp-json\/wp\/v2\/posts\/57716","targetHints":{"allow":["GET"]}}],"collection":[{"href":"https:\/\/politicosaldesnudo.com.mx\/index.php\/wp-json\/wp\/v2\/posts"}],"about":[{"href":"https:\/\/politicosaldesnudo.com.mx\/index.php\/wp-json\/wp\/v2\/types\/post"}],"author":[{"embeddable":true,"href":"https:\/\/politicosaldesnudo.com.mx\/index.php\/wp-json\/wp\/v2\/users\/4"}],"replies":[{"embeddable":true,"href":"https:\/\/politicosaldesnudo.com.mx\/index.php\/wp-json\/wp\/v2\/comments?post=57716"}],"version-history":[{"count":0,"href":"https:\/\/politicosaldesnudo.com.mx\/index.php\/wp-json\/wp\/v2\/posts\/57716\/revisions"}],"wp:featuredmedia":[{"embeddable":true,"href":"https:\/\/politicosaldesnudo.com.mx\/index.php\/wp-json\/wp\/v2\/media\/57717"}],"wp:attachment":[{"href":"https:\/\/politicosaldesnudo.com.mx\/index.php\/wp-json\/wp\/v2\/media?parent=57716"}],"wp:term":[{"taxonomy":"category","embeddable":true,"href":"https:\/\/politicosaldesnudo.com.mx\/index.php\/wp-json\/wp\/v2\/categories?post=57716"},{"taxonomy":"post_tag","embeddable":true,"href":"https:\/\/politicosaldesnudo.com.mx\/index.php\/wp-json\/wp\/v2\/tags?post=57716"}],"curies":[{"name":"wp","href":"https:\/\/api.w.org\/{rel}","templated":true}]}}