{"id":57725,"date":"2025-02-28T00:11:19","date_gmt":"2025-02-28T06:11:19","guid":{"rendered":"https:\/\/politicosaldesnudo.com.mx\/?p=57725"},"modified":"2025-02-27T22:55:28","modified_gmt":"2025-02-28T04:55:28","slug":"ebrard-arranca-negociacion-de-aranceles-en-washington","status":"publish","type":"post","link":"https:\/\/politicosaldesnudo.com.mx\/index.php\/2025\/02\/28\/ebrard-arranca-negociacion-de-aranceles-en-washington\/","title":{"rendered":"Ebrard arranca negociaci\u00f3n de aranceles en Washington"},"content":{"rendered":"<p>Marcelo Ebrard, secretario de Econom\u00eda, asegur\u00f3 por medio de redes sociales que este jueves tuvo una reuni\u00f3n \u201ccordial\u201d y \u201cproductiva\u201d con Jamieson Greer,\u00a0 Representante de Comercio de los Estados Unidos (USTR, por sus siglas en ingl\u00e9s).<\/p>\n<p>El funcionario sali\u00f3 esta ma\u00f1ana a Washington, DC, para entablar un par de reuniones con altos funcionarios de Estados Unidos, la otra ser\u00e1 este viernes Howard Lutnick, titular del Departamento de Comercio de ese pa\u00eds.<\/p>\n<p>\u201cSostuve cordial y productivo di\u00e1logo con Jamieson Greer , representante comercial de los Estados Unidos de Am\u00e9rica\u201d, indic\u00f3 en su cuenta de X (antes Twitter).<\/p>\n<p>El gran objetivo de Ebrard es lograr un acuerdo para evitar los aranceles del 25 por ciento a las mercanc\u00edas mexicanas el pr\u00f3ximo 4 de marzo. Para eso, desde el jueves de la semana pasada se acordaron mesas de di\u00e1logo, las cuales estuvieron encabezadas en Washington por Luis Rosendo Guti\u00e9rrez, subsecretario de Comercio Exterior.<\/p>\n<p>El pasado 3 de febrero, los gobiernos de M\u00e9xico y Estados Unidos acordaron suspender por un mes la entrada en vigor de aranceles generalizados del 25 por ciento a productos mexicanos, a cambio del despliegue de 10 mil elementos de la Guardia Nacional en la frontera norte.<\/p>\n<p>Este jueves por la ma\u00f1ana, Donald Trump insisti\u00f3 en que los aranceles a sus socios comerciales M\u00e9xico y Estados Unidos, se aplicar\u00e1n este 4 de marzo tal y como estaba previsto, esto pese a que un d\u00eda antes dijo que se recorr\u00edan al 2 de abril.<\/p>\n","protected":false},"excerpt":{"rendered":"<p>Marcelo Ebrard, secretario de Econom\u00eda, asegur\u00f3 por medio de redes sociales que este jueves tuvo una reuni\u00f3n \u201ccordial\u201d y \u201cproductiva\u201d<\/p>\n","protected":false},"author":4,"featured_media":57726,"comment_status":"closed","ping_status":"closed","sticky":false,"template":"","format":"standard","meta":{"colormag_page_container_layout":"default_layout","colormag_page_sidebar_layout":"default_layout","_jetpack_memberships_contains_paid_content":false,"footnotes":"","jetpack_publicize_message":"","jetpack_publicize_feature_enabled":true,"jetpack_social_post_already_shared":false,"jetpack_social_options":{"image_generator_settings":{"template":"highway","default_image_id":0,"font":"","enabled":false},"version":2}},"categories":[2050],"tags":[],"class_list":["post-57725","post","type-post","status-publish","format-standard","has-post-thumbnail","hentry","category-economia"],"jetpack_publicize_connections":[],"jetpack_featured_media_url":"https:\/\/i0.wp.com\/politicosaldesnudo.com.mx\/wp-content\/uploads\/2025\/02\/EB.jpg?fit=392%2C272&ssl=1","jetpack-related-posts":[],"jetpack_sharing_enabled":true,"_links":{"self":[{"href":"https:\/\/politicosaldesnudo.com.mx\/index.php\/wp-json\/wp\/v2\/posts\/57725","targetHints":{"allow":["GET"]}}],"collection":[{"href":"https:\/\/politicosaldesnudo.com.mx\/index.php\/wp-json\/wp\/v2\/posts"}],"about":[{"href":"https:\/\/politicosaldesnudo.com.mx\/index.php\/wp-json\/wp\/v2\/types\/post"}],"author":[{"embeddable":true,"href":"https:\/\/politicosaldesnudo.com.mx\/index.php\/wp-json\/wp\/v2\/users\/4"}],"replies":[{"embeddable":true,"href":"https:\/\/politicosaldesnudo.com.mx\/index.php\/wp-json\/wp\/v2\/comments?post=57725"}],"version-history":[{"count":0,"href":"https:\/\/politicosaldesnudo.com.mx\/index.php\/wp-json\/wp\/v2\/posts\/57725\/revisions"}],"wp:featuredmedia":[{"embeddable":true,"href":"https:\/\/politicosaldesnudo.com.mx\/index.php\/wp-json\/wp\/v2\/media\/57726"}],"wp:attachment":[{"href":"https:\/\/politicosaldesnudo.com.mx\/index.php\/wp-json\/wp\/v2\/media?parent=57725"}],"wp:term":[{"taxonomy":"category","embeddable":true,"href":"https:\/\/politicosaldesnudo.com.mx\/index.php\/wp-json\/wp\/v2\/categories?post=57725"},{"taxonomy":"post_tag","embeddable":true,"href":"https:\/\/politicosaldesnudo.com.mx\/index.php\/wp-json\/wp\/v2\/tags?post=57725"}],"curies":[{"name":"wp","href":"https:\/\/api.w.org\/{rel}","templated":true}]}}