{"id":57728,"date":"2025-02-28T00:12:09","date_gmt":"2025-02-28T06:12:09","guid":{"rendered":"https:\/\/politicosaldesnudo.com.mx\/?p=57728"},"modified":"2025-02-27T22:57:15","modified_gmt":"2025-02-28T04:57:15","slug":"deuda-externa-estrangula-desarrollo-de-paises-pobres-lideres-africanos","status":"publish","type":"post","link":"https:\/\/politicosaldesnudo.com.mx\/index.php\/2025\/02\/28\/deuda-externa-estrangula-desarrollo-de-paises-pobres-lideres-africanos\/","title":{"rendered":"Deuda externa estrangula desarrollo de pa\u00edses pobres: l\u00edderes africanos"},"content":{"rendered":"<p class=\"nota-justify\">La creciente carga de la deuda externa est\u00e1 paralizando a los pa\u00edses m\u00e1s pobres del mundo, advirti\u00f3 el jueves un grupo de antiguos l\u00edderes africanos, que abogaron por un nuevo programa de alivio colectivo por parte de acreedores privados, bilaterales y multilaterales.<\/p>\n<p class=\"nota-justify\">En una conferencia de prensa al margen de una reuni\u00f3n de ministros de Finanzas del G20 en Ciudad del Cabo, el expresidente nigeriano Olusegun Obasanjo, que preside la Iniciativa de los L\u00edderes Africanos para el Alivio de la Deuda, dijo que la deuda estaba estrangulando el desarrollo.<\/p>\n<p class=\"nota-justify\">\u201cEl dinero que deber\u00eda haberse destinado a \u00e1reas esenciales del bienestar y el desarrollo humanos, educaci\u00f3n, sanidad, nutrici\u00f3n, se da para pagar una deuda que parece interminable\u201d, afirm\u00f3.<\/p>\n<p class=\"nota-justify\">El presidente de Sud\u00e1frica, Cyril Ramaphosa, espera utilizar la actual presidencia de su pa\u00eds en el Grupo de los 20 (G20) para defender la causa del mundo en desarrollo, incluyendo medidas de alivio de la deuda y una arquitectura financiera mundial m\u00e1s equitativa.<\/p>\n<p class=\"nota-justify\">Sin embargo, el esfuerzo se enfrenta a retos formidables dada la agenda de \u201cEstados Unidos primero\u201d del gobierno de Donald Trump, que est\u00e1 llevando a cabo recortes masivos en los contratos de ayuda exterior y en la asistencia general de Estados Unidos en todo el mundo.<\/p>\n<p class=\"nota-justify\">En el contexto de la reuni\u00f3n del G20, el anfitri\u00f3n Sud\u00e1frica reiter\u00f3 su compromiso de resistirse al proteccionismo.<\/p>\n<p class=\"nota-justify\">Seg\u00fan el \u201cresumen del presidente\u201d, los miembros \u201creiteraron su compromiso de resistir al proteccionismo\u201d y \u201capoyaron un sistema comercial multilateral basado en normas, no discriminatorio, justo, abierto, inclusivo, equitativo, sostenible y transparente\u201d.<\/p>\n<p class=\"nota-justify\">Lo anterior si bien los ministros de Finanzas y banqueros centrales del Grupo de los 20 no acordaron un comunicado conjunto.<\/p>\n<p class=\"nota-justify\">Los ministros de Finanzas de Estados Unidos, China, India y Jap\u00f3n, entre otros, no asistieron a la reuni\u00f3n, que se celebr\u00f3 en un contexto de crecientes tensiones geopol\u00edticas en torno al comercio, la guerra en Ucrania y c\u00f3mo abordar el cambio clim\u00e1tico.<\/p>\n","protected":false},"excerpt":{"rendered":"<p>La creciente carga de la deuda externa est\u00e1 paralizando a los pa\u00edses m\u00e1s pobres del mundo, advirti\u00f3 el jueves un<\/p>\n","protected":false},"author":4,"featured_media":57729,"comment_status":"closed","ping_status":"closed","sticky":false,"template":"","format":"standard","meta":{"colormag_page_container_layout":"default_layout","colormag_page_sidebar_layout":"default_layout","_jetpack_memberships_contains_paid_content":false,"footnotes":"","jetpack_publicize_message":"","jetpack_publicize_feature_enabled":true,"jetpack_social_post_already_shared":false,"jetpack_social_options":{"image_generator_settings":{"template":"highway","default_image_id":0,"font":"","enabled":false},"version":2}},"categories":[2050],"tags":[],"class_list":["post-57728","post","type-post","status-publish","format-standard","has-post-thumbnail","hentry","category-economia"],"jetpack_publicize_connections":[],"jetpack_featured_media_url":"https:\/\/i0.wp.com\/politicosaldesnudo.com.mx\/wp-content\/uploads\/2025\/02\/DE-1.jpg?fit=617%2C410&ssl=1","jetpack-related-posts":[],"jetpack_sharing_enabled":true,"_links":{"self":[{"href":"https:\/\/politicosaldesnudo.com.mx\/index.php\/wp-json\/wp\/v2\/posts\/57728","targetHints":{"allow":["GET"]}}],"collection":[{"href":"https:\/\/politicosaldesnudo.com.mx\/index.php\/wp-json\/wp\/v2\/posts"}],"about":[{"href":"https:\/\/politicosaldesnudo.com.mx\/index.php\/wp-json\/wp\/v2\/types\/post"}],"author":[{"embeddable":true,"href":"https:\/\/politicosaldesnudo.com.mx\/index.php\/wp-json\/wp\/v2\/users\/4"}],"replies":[{"embeddable":true,"href":"https:\/\/politicosaldesnudo.com.mx\/index.php\/wp-json\/wp\/v2\/comments?post=57728"}],"version-history":[{"count":0,"href":"https:\/\/politicosaldesnudo.com.mx\/index.php\/wp-json\/wp\/v2\/posts\/57728\/revisions"}],"wp:featuredmedia":[{"embeddable":true,"href":"https:\/\/politicosaldesnudo.com.mx\/index.php\/wp-json\/wp\/v2\/media\/57729"}],"wp:attachment":[{"href":"https:\/\/politicosaldesnudo.com.mx\/index.php\/wp-json\/wp\/v2\/media?parent=57728"}],"wp:term":[{"taxonomy":"category","embeddable":true,"href":"https:\/\/politicosaldesnudo.com.mx\/index.php\/wp-json\/wp\/v2\/categories?post=57728"},{"taxonomy":"post_tag","embeddable":true,"href":"https:\/\/politicosaldesnudo.com.mx\/index.php\/wp-json\/wp\/v2\/tags?post=57728"}],"curies":[{"name":"wp","href":"https:\/\/api.w.org\/{rel}","templated":true}]}}