{"id":57731,"date":"2025-02-28T00:13:52","date_gmt":"2025-02-28T06:13:52","guid":{"rendered":"https:\/\/politicosaldesnudo.com.mx\/?p=57731"},"modified":"2025-02-27T22:59:33","modified_gmt":"2025-02-28T04:59:33","slug":"marchan-10-mil-trabajadores-en-baja-california-contra-reformas-a-ley-del-issste","status":"publish","type":"post","link":"https:\/\/politicosaldesnudo.com.mx\/index.php\/2025\/02\/28\/marchan-10-mil-trabajadores-en-baja-california-contra-reformas-a-ley-del-issste\/","title":{"rendered":"Marchan 10 mil trabajadores en Baja California contra reformas a Ley del Issste"},"content":{"rendered":"<p>Unos 10 mil trabajadores de la educaci\u00f3n de alrededor de 300 escuelas en Baja California iniciaron hoy un paro de 48 horas en la entidad, en protesta por la iniciativa de reformas a la Ley del Instituto de Seguridad y Servicios Sociales de los Trabajadores del Estado (ISSSTE) que est\u00e1 ya en el Congreso federal. A la par, marcharon por las calles de las principales ciudades.<\/p>\n<p>En la ciudad de Tijuana, m\u00e1s de 5 mil maestros se unieron a una marcha que comenz\u00f3 en el monumento al Libro, recorriendo el bulevar Agua Caliente, hasta llegar a la estatua de Cuauht\u00e9moc, en la Zona R\u00edo.<\/p>\n<p>Los docentes exigieron que no se apruebe la reforma, pues propone un aumento en la edad de jubilaci\u00f3n, a 60 o 65 a\u00f1os, en lugar de los 28 a\u00f1os de servicio para mujeres y 30 para hombres que establece la legislaci\u00f3n actual. Adem\u00e1s, rechazan el aumento del 2.7 por ciento en las contribuciones salariales de los trabajadores para financiar el ISSSTE.<\/p>\n<p>Durante la movilizaci\u00f3n, los manifestantes bloquearon el bulevar Agua Caliente por varios minutos, lo que gener\u00f3 caos vehicular en la zona. Entre las consignas se escuchaba: \u00ab\u00a1Va a caer, va a caer, la reforma va a caer!\u00bb y \u00ab\u00a1Maestros unidos, jam\u00e1s ser\u00e1n vencidos!\u00bb, mientras portaban pancartas con mensajes como \u00ab\u00a1Hoy la clase es en la calle y el tema es dignidad!\u00bb.<\/p>\n<p>El profesor Javier Dorantes, secretario general de la Delegaci\u00f3n 29, explic\u00f3 que Juan Enrique Villanueva, l\u00edder de la Secci\u00f3n 2 del Sindicato Nacional de Trabajadores de la Educaci\u00f3n, no se ha presentado ante la base sindical y que la \u00faltima vez que supieron de \u00e9l fue cuando realiz\u00f3 una campa\u00f1a para pedirles votaran a su favor en la elecci\u00f3n interna.<\/p>\n<p>Esta manifestaci\u00f3n se suma a una serie de protestas realizadas a nivel nacional, donde los docentes han expresado su descontento por las propuestas que consideran afectan directamente su futuro laboral y sus derechos.<\/p>\n<p>Protestan tambi\u00e9n en Mexicali<\/p>\n<p>En Mexicali, cerca de 150 derechohabientes del ISSSTE, entre ellos maestros y empleados federales, se manifestaron en el Centro de Gobierno.<\/p>\n<p>Los docentes de la secci\u00f3n 2 del SNTE y bur\u00f3cratas caminaron desde el hospital 5 de diciembre del Issste al Centro de Gobierno.<\/p>\n<p>Frente al edificio del Poder Legislativo, exigieron el retiro de la iniciativa de reforma a la ley, como tambi\u00e9n la eliminaci\u00f3n de la edad m\u00ednima para la jubilaci\u00f3n, as\u00ed como la desaparici\u00f3n de las Afores y de las UMA\u2019s.<\/p>\n<p>Uno de los voceros, Roberto Bobadilla, dijo que buscan alzar la voz contra una iniciativa donde se pretende incrementar los descuentos a los trabajadores.<\/p>\n<p>\u00abSabemos que la Presidenta declar\u00f3 que se va modificar ese texto, pero actualmente est\u00e1 vigente en la gaceta parlamentaria del Congreso de la Uni\u00f3n\u00bb, refiri\u00f3.<\/p>\n<p>Agreg\u00f3 que considera que la reforma es una\u00a0<i>intentona<\/i>\u00a0es un perjuicio que le llaman justicia social. \u00abEs castigo a la superaci\u00f3n personal, los trabajadores no determinan su salario, hay un tabulador, si alguien mejora es en base a su esfuerzo\u00bb.<\/p>\n<p>Estamos en contra, dijo, de aumentar los descuentos para hacer mejoras en el ISSSTE, cuando eso es una responsabilidad del Estado.<\/p>\n<p>Durante la protesta, varios maestros tomaron la voz para reclamar la falta de apoyo de su dirigente, Juan Enrique Villanueva<\/p>\n<p>\u00abAqui estamos la base de los trabajadores sin el apoyo de la dirigencia del SNTE\u00bb, expres\u00f3 Ignacio Gastelum.<\/p>\n","protected":false},"excerpt":{"rendered":"<p>Unos 10 mil trabajadores de la educaci\u00f3n de alrededor de 300 escuelas en Baja California iniciaron hoy un paro de<\/p>\n","protected":false},"author":4,"featured_media":57732,"comment_status":"closed","ping_status":"closed","sticky":false,"template":"","format":"standard","meta":{"colormag_page_container_layout":"default_layout","colormag_page_sidebar_layout":"default_layout","_jetpack_memberships_contains_paid_content":false,"footnotes":"","jetpack_publicize_message":"","jetpack_publicize_feature_enabled":true,"jetpack_social_post_already_shared":false,"jetpack_social_options":{"image_generator_settings":{"template":"highway","default_image_id":0,"font":"","enabled":false},"version":2}},"categories":[30],"tags":[],"class_list":["post-57731","post","type-post","status-publish","format-standard","has-post-thumbnail","hentry","category-estados"],"jetpack_publicize_connections":[],"jetpack_featured_media_url":"https:\/\/i0.wp.com\/politicosaldesnudo.com.mx\/wp-content\/uploads\/2025\/02\/marchan-10-mil-trabajadores-en-baja-california-contra-reformas-a-ley-del-issste_f31742da-a24f-40df-9f4d-3f3795a8b0b1_mediarawimagetrue-scaled.jpg?fit=2560%2C1706&ssl=1","jetpack-related-posts":[],"jetpack_sharing_enabled":true,"_links":{"self":[{"href":"https:\/\/politicosaldesnudo.com.mx\/index.php\/wp-json\/wp\/v2\/posts\/57731","targetHints":{"allow":["GET"]}}],"collection":[{"href":"https:\/\/politicosaldesnudo.com.mx\/index.php\/wp-json\/wp\/v2\/posts"}],"about":[{"href":"https:\/\/politicosaldesnudo.com.mx\/index.php\/wp-json\/wp\/v2\/types\/post"}],"author":[{"embeddable":true,"href":"https:\/\/politicosaldesnudo.com.mx\/index.php\/wp-json\/wp\/v2\/users\/4"}],"replies":[{"embeddable":true,"href":"https:\/\/politicosaldesnudo.com.mx\/index.php\/wp-json\/wp\/v2\/comments?post=57731"}],"version-history":[{"count":0,"href":"https:\/\/politicosaldesnudo.com.mx\/index.php\/wp-json\/wp\/v2\/posts\/57731\/revisions"}],"wp:featuredmedia":[{"embeddable":true,"href":"https:\/\/politicosaldesnudo.com.mx\/index.php\/wp-json\/wp\/v2\/media\/57732"}],"wp:attachment":[{"href":"https:\/\/politicosaldesnudo.com.mx\/index.php\/wp-json\/wp\/v2\/media?parent=57731"}],"wp:term":[{"taxonomy":"category","embeddable":true,"href":"https:\/\/politicosaldesnudo.com.mx\/index.php\/wp-json\/wp\/v2\/categories?post=57731"},{"taxonomy":"post_tag","embeddable":true,"href":"https:\/\/politicosaldesnudo.com.mx\/index.php\/wp-json\/wp\/v2\/tags?post=57731"}],"curies":[{"name":"wp","href":"https:\/\/api.w.org\/{rel}","templated":true}]}}