{"id":57734,"date":"2025-02-28T00:14:59","date_gmt":"2025-02-28T06:14:59","guid":{"rendered":"https:\/\/politicosaldesnudo.com.mx\/?p=57734"},"modified":"2025-02-27T23:01:07","modified_gmt":"2025-02-28T05:01:07","slug":"establecen-preliminares-para-tren-saltillo-nuevo-laredo","status":"publish","type":"post","link":"https:\/\/politicosaldesnudo.com.mx\/index.php\/2025\/02\/28\/establecen-preliminares-para-tren-saltillo-nuevo-laredo\/","title":{"rendered":"Establecen preliminares para tren Saltillo-Nuevo Laredo"},"content":{"rendered":"<p><i>\u00a0<\/i>La construcci\u00f3n de la l\u00ednea del Tren de Pasajeros que inicia en julio pr\u00f3ximo, partir\u00e1 de la ciudad de Saltillo, Coahuila, luego pasar\u00e1 por la zona Metropolitana de Monterrey y concluir\u00e1 en Nuevo Laredo, Tamaulipas, inform\u00f3 el diputado federal del PAN, V\u00edctor P\u00e9rez.<\/p>\n<p>El legislador dijo que tras sostener un di\u00e1logo con Andr\u00e9s Lajous, director de la Agencia Reguladora de Transporte Ferroviario de la Secretar\u00eda de Comunicaciones y Transportes (SCT), estableci\u00f3 los preliminares del plan de la obra que dar\u00e1 inicio en la capital coahuilense y que pasar\u00e1 por los municipios Santa Catarina, Monterrey y Escobedo, en Nuevo Le\u00f3n.<\/p>\n<p>V\u00edctor P\u00e9rez indic\u00f3 que esta es la tercera l\u00ednea que se estar\u00e1 construyendo en el pa\u00eds, y que el proyecto global tiene una inversi\u00f3n de 150 mil millones de pesos.<\/p>\n<p>A\u00fan no se precisa en qu\u00e9 mes comenzar\u00e1n a realizarse los trabajos en el estado de Nuevo Le\u00f3n, (ya que comenzar\u00e1n en Coahuila en una primera etapa), el diputado federal declar\u00f3 que para que esta obra se realice en beneficio de los nuevoleoneses, se tendr\u00e1 que incrementar la seguridad vial dentro de la zona Metropolitana de Monterrey.<\/p>\n<p>El legislador V\u00edctor P\u00e9rez explic\u00f3 que el Ej\u00e9rcito Mexicano ser\u00e1 el encargado de construir el 50 por ciento de la infraestructura y la iniciativa privada el porcentaje restante.<\/p>\n","protected":false},"excerpt":{"rendered":"<p>\u00a0La construcci\u00f3n de la l\u00ednea del Tren de Pasajeros que inicia en julio pr\u00f3ximo, partir\u00e1 de la ciudad de Saltillo,<\/p>\n","protected":false},"author":4,"featured_media":57735,"comment_status":"closed","ping_status":"closed","sticky":false,"template":"","format":"standard","meta":{"colormag_page_container_layout":"default_layout","colormag_page_sidebar_layout":"default_layout","_jetpack_memberships_contains_paid_content":false,"footnotes":"","jetpack_publicize_message":"","jetpack_publicize_feature_enabled":true,"jetpack_social_post_already_shared":false,"jetpack_social_options":{"image_generator_settings":{"template":"highway","default_image_id":0,"font":"","enabled":false},"version":2}},"categories":[30],"tags":[],"class_list":["post-57734","post","type-post","status-publish","format-standard","has-post-thumbnail","hentry","category-estados"],"jetpack_publicize_connections":[],"jetpack_featured_media_url":"https:\/\/i0.wp.com\/politicosaldesnudo.com.mx\/wp-content\/uploads\/2025\/02\/EJ.jpg?fit=773%2C424&ssl=1","jetpack-related-posts":[],"jetpack_sharing_enabled":true,"_links":{"self":[{"href":"https:\/\/politicosaldesnudo.com.mx\/index.php\/wp-json\/wp\/v2\/posts\/57734","targetHints":{"allow":["GET"]}}],"collection":[{"href":"https:\/\/politicosaldesnudo.com.mx\/index.php\/wp-json\/wp\/v2\/posts"}],"about":[{"href":"https:\/\/politicosaldesnudo.com.mx\/index.php\/wp-json\/wp\/v2\/types\/post"}],"author":[{"embeddable":true,"href":"https:\/\/politicosaldesnudo.com.mx\/index.php\/wp-json\/wp\/v2\/users\/4"}],"replies":[{"embeddable":true,"href":"https:\/\/politicosaldesnudo.com.mx\/index.php\/wp-json\/wp\/v2\/comments?post=57734"}],"version-history":[{"count":0,"href":"https:\/\/politicosaldesnudo.com.mx\/index.php\/wp-json\/wp\/v2\/posts\/57734\/revisions"}],"wp:featuredmedia":[{"embeddable":true,"href":"https:\/\/politicosaldesnudo.com.mx\/index.php\/wp-json\/wp\/v2\/media\/57735"}],"wp:attachment":[{"href":"https:\/\/politicosaldesnudo.com.mx\/index.php\/wp-json\/wp\/v2\/media?parent=57734"}],"wp:term":[{"taxonomy":"category","embeddable":true,"href":"https:\/\/politicosaldesnudo.com.mx\/index.php\/wp-json\/wp\/v2\/categories?post=57734"},{"taxonomy":"post_tag","embeddable":true,"href":"https:\/\/politicosaldesnudo.com.mx\/index.php\/wp-json\/wp\/v2\/tags?post=57734"}],"curies":[{"name":"wp","href":"https:\/\/api.w.org\/{rel}","templated":true}]}}