{"id":57780,"date":"2025-03-01T00:01:19","date_gmt":"2025-03-01T06:01:19","guid":{"rendered":"https:\/\/politicosaldesnudo.com.mx\/?p=57780"},"modified":"2025-02-28T21:06:42","modified_gmt":"2025-03-01T03:06:42","slug":"busca-sensibilizar-a-la-poblacion-sobre-el-autismo","status":"publish","type":"post","link":"https:\/\/politicosaldesnudo.com.mx\/index.php\/2025\/03\/01\/busca-sensibilizar-a-la-poblacion-sobre-el-autismo\/","title":{"rendered":"Busca sensibilizar a la poblaci\u00f3n sobre el autismo"},"content":{"rendered":"<p>La Asociaci\u00f3n de Padres de Ni\u00f1os con Autismo llev\u00f3 a cabo una conferencia en la sala anexa a la Direcci\u00f3n de Cultura del municipio, con el objetivo de sensibilizar a la poblaci\u00f3n sobre el Trastorno del Espectro Autista (TEA) y dar a conocer conceptos b\u00e1sicos que permitan una mejor comprensi\u00f3n e inclusi\u00f3n de las personas con esta condici\u00f3n.<\/p>\n<p>\u00c1urea Salazar, presidenta de la asociaci\u00f3n, destac\u00f3 la importancia de este tipo de actividades, que no solo buscan informar, sino tambi\u00e9n generar conciencia en diversos sectores, como el educativo y el social. \u00abEl objetivo es que toda la poblaci\u00f3n conozca m\u00e1s sobre el autismo. Afortunadamente, hemos tenido buena respuesta, incluso de universidades, lo cual es clave para que los futuros profesionales est\u00e9n preparados para atender a nuestros ni\u00f1os\u00bb, se\u00f1al\u00f3.<\/p>\n<p>El evento forma parte de una serie de acciones que la asociaci\u00f3n ha planeado en el marco del D\u00eda Internacional del Autismo, con la intenci\u00f3n de que la concientizaci\u00f3n no se limite a una sola fecha, sino que sea permanente. Entre los pr\u00f3ximos proyectos, se contempla la realizaci\u00f3n de una serie de actividades educativas y recreativas, as\u00ed como la venta de productos elaborados por ni\u00f1os con autismo, quienes han encontrado en estos espacios una oportunidad de expresi\u00f3n e integraci\u00f3n.<\/p>\n<p>\u00abEs frustrante y a veces desilusionante enfrentarse a la falta de informaci\u00f3n y a los obst\u00e1culos en sectores como la educaci\u00f3n y la salud. Pero seguimos trabajando para abrir m\u00e1s puertas y facilitar el camino a los ni\u00f1os y sus familias\u00bb, expres\u00f3 Salazar.<\/p>\n<p>La conferencia cont\u00f3 con la asistencia de padres de familia, docentes y profesionales interesados en el tema, quienes compartieron sus inquietudes y experiencias sobre el autismo.<\/p>\n<p>La presidenta de la asociaci\u00f3n reiter\u00f3 la invitaci\u00f3n a la comunidad a sumarse a estas iniciativas y a fomentar una sociedad m\u00e1s inclusiva y emp\u00e1tica.<\/p>\n","protected":false},"excerpt":{"rendered":"<p>La Asociaci\u00f3n de Padres de Ni\u00f1os con Autismo llev\u00f3 a cabo una conferencia en la sala anexa a la Direcci\u00f3n<\/p>\n","protected":false},"author":4,"featured_media":57781,"comment_status":"closed","ping_status":"closed","sticky":false,"template":"","format":"standard","meta":{"colormag_page_container_layout":"default_layout","colormag_page_sidebar_layout":"default_layout","_jetpack_memberships_contains_paid_content":false,"footnotes":"","jetpack_publicize_message":"","jetpack_publicize_feature_enabled":true,"jetpack_social_post_already_shared":false,"jetpack_social_options":{"image_generator_settings":{"template":"highway","default_image_id":0,"font":"","enabled":false},"version":2}},"categories":[1082],"tags":[],"class_list":["post-57780","post","type-post","status-publish","format-standard","has-post-thumbnail","hentry","category-tuxpan"],"jetpack_publicize_connections":[],"jetpack_featured_media_url":"https:\/\/i0.wp.com\/politicosaldesnudo.com.mx\/wp-content\/uploads\/2025\/02\/3c-7.jpg?fit=1600%2C1204&ssl=1","jetpack-related-posts":[],"jetpack_sharing_enabled":true,"_links":{"self":[{"href":"https:\/\/politicosaldesnudo.com.mx\/index.php\/wp-json\/wp\/v2\/posts\/57780","targetHints":{"allow":["GET"]}}],"collection":[{"href":"https:\/\/politicosaldesnudo.com.mx\/index.php\/wp-json\/wp\/v2\/posts"}],"about":[{"href":"https:\/\/politicosaldesnudo.com.mx\/index.php\/wp-json\/wp\/v2\/types\/post"}],"author":[{"embeddable":true,"href":"https:\/\/politicosaldesnudo.com.mx\/index.php\/wp-json\/wp\/v2\/users\/4"}],"replies":[{"embeddable":true,"href":"https:\/\/politicosaldesnudo.com.mx\/index.php\/wp-json\/wp\/v2\/comments?post=57780"}],"version-history":[{"count":0,"href":"https:\/\/politicosaldesnudo.com.mx\/index.php\/wp-json\/wp\/v2\/posts\/57780\/revisions"}],"wp:featuredmedia":[{"embeddable":true,"href":"https:\/\/politicosaldesnudo.com.mx\/index.php\/wp-json\/wp\/v2\/media\/57781"}],"wp:attachment":[{"href":"https:\/\/politicosaldesnudo.com.mx\/index.php\/wp-json\/wp\/v2\/media?parent=57780"}],"wp:term":[{"taxonomy":"category","embeddable":true,"href":"https:\/\/politicosaldesnudo.com.mx\/index.php\/wp-json\/wp\/v2\/categories?post=57780"},{"taxonomy":"post_tag","embeddable":true,"href":"https:\/\/politicosaldesnudo.com.mx\/index.php\/wp-json\/wp\/v2\/tags?post=57780"}],"curies":[{"name":"wp","href":"https:\/\/api.w.org\/{rel}","templated":true}]}}