{"id":57846,"date":"2025-03-02T20:14:51","date_gmt":"2025-03-03T02:14:51","guid":{"rendered":"https:\/\/politicosaldesnudo.com.mx\/?p=57846"},"modified":"2025-03-02T20:14:51","modified_gmt":"2025-03-03T02:14:51","slug":"policia-municipal-semar-tuxpan-detuvo-a-sujeto-con-moto-con-el-niv-alterado-y-cuya-propiedad-no-acredito","status":"publish","type":"post","link":"https:\/\/politicosaldesnudo.com.mx\/index.php\/2025\/03\/02\/policia-municipal-semar-tuxpan-detuvo-a-sujeto-con-moto-con-el-niv-alterado-y-cuya-propiedad-no-acredito\/","title":{"rendered":"Polic\u00eda Municipal\/SEMAR Tuxpan detuvo a sujeto con moto con el NIV alterado y cuya propiedad no acredit\u00f3"},"content":{"rendered":"<p>\u2022 Si identifica la moto como de su propiedad, acuda a la sede de la Polic\u00eda Municipal.<\/p>\n<p>Tuxpan, Ver., 02 de marzo de 2025 &#8211; Personal de SEMAR en labores de seguridad p\u00fablica y Polic\u00eda Municipal de Tuxpan, detuvo a un sujeto con una motocicleta con el NIV alterado y cuya propiedad no pudo acreditar.<\/p>\n<p><img data-recalc-dims=\"1\" loading=\"lazy\" decoding=\"async\" class=\"aligncenter size-large wp-image-57848\" src=\"https:\/\/i0.wp.com\/politicosaldesnudo.com.mx\/wp-content\/uploads\/2025\/03\/WhatsApp-Image-2025-03-02-at-16.52.15-1024x768.jpeg?resize=800%2C600&#038;ssl=1\" alt=\"\" width=\"800\" height=\"600\" srcset=\"https:\/\/i0.wp.com\/politicosaldesnudo.com.mx\/wp-content\/uploads\/2025\/03\/WhatsApp-Image-2025-03-02-at-16.52.15.jpeg?resize=1024%2C768&amp;ssl=1 1024w, https:\/\/i0.wp.com\/politicosaldesnudo.com.mx\/wp-content\/uploads\/2025\/03\/WhatsApp-Image-2025-03-02-at-16.52.15.jpeg?resize=300%2C225&amp;ssl=1 300w, https:\/\/i0.wp.com\/politicosaldesnudo.com.mx\/wp-content\/uploads\/2025\/03\/WhatsApp-Image-2025-03-02-at-16.52.15.jpeg?resize=768%2C576&amp;ssl=1 768w, https:\/\/i0.wp.com\/politicosaldesnudo.com.mx\/wp-content\/uploads\/2025\/03\/WhatsApp-Image-2025-03-02-at-16.52.15.jpeg?w=1280&amp;ssl=1 1280w\" sizes=\"auto, (max-width: 800px) 100vw, 800px\" \/><\/p>\n<p>Si alg\u00fan ciudadano reconoce esta motocicleta como suya puede acudir a las instalaciones de la Polic\u00eda Municipal, ubicadas en Z\u00f3zimo P\u00e9rez y libramiento L\u00f3pez Mateos.<\/p>\n<p>Cabe mencionar que el mismo sujeto, identificado como Santiago N, de 27 a\u00f1os, hab\u00eda sido captado por una c\u00e1mara de video sustrayendo una bicicleta en una calle no identificada. El video circul\u00f3 en redes sociales.<\/p>\n<p><img data-recalc-dims=\"1\" loading=\"lazy\" decoding=\"async\" class=\"aligncenter size-full wp-image-57849\" src=\"https:\/\/i0.wp.com\/politicosaldesnudo.com.mx\/wp-content\/uploads\/2025\/03\/WhatsApp-Image-2025-03-02-at-17.10.41.jpeg?resize=720%2C450&#038;ssl=1\" alt=\"\" width=\"720\" height=\"450\" srcset=\"https:\/\/i0.wp.com\/politicosaldesnudo.com.mx\/wp-content\/uploads\/2025\/03\/WhatsApp-Image-2025-03-02-at-17.10.41.jpeg?w=720&amp;ssl=1 720w, https:\/\/i0.wp.com\/politicosaldesnudo.com.mx\/wp-content\/uploads\/2025\/03\/WhatsApp-Image-2025-03-02-at-17.10.41.jpeg?resize=300%2C188&amp;ssl=1 300w\" sizes=\"auto, (max-width: 720px) 100vw, 720px\" \/><\/p>\n<p>Al momento de su captura se le hall\u00f3 una sustancia il\u00edcita con caracter\u00edsticas de cristal.<\/p>\n<p>El detenido, la droga y la moto ser\u00e1n puestos a disposici\u00f3n de la Fiscal\u00eda General del Estado.<\/p>\n","protected":false},"excerpt":{"rendered":"<p>\u2022 Si identifica la moto como de su propiedad, acuda a la sede de la Polic\u00eda Municipal. Tuxpan, Ver., 02<\/p>\n","protected":false},"author":4,"featured_media":57847,"comment_status":"closed","ping_status":"closed","sticky":false,"template":"","format":"standard","meta":{"colormag_page_container_layout":"default_layout","colormag_page_sidebar_layout":"default_layout","_jetpack_memberships_contains_paid_content":false,"footnotes":"","jetpack_publicize_message":"","jetpack_publicize_feature_enabled":true,"jetpack_social_post_already_shared":false,"jetpack_social_options":{"image_generator_settings":{"template":"highway","default_image_id":0,"font":"","enabled":false},"version":2}},"categories":[3205,1082],"tags":[],"class_list":["post-57846","post","type-post","status-publish","format-standard","has-post-thumbnail","hentry","category-gobierno-tuxpan","category-tuxpan"],"jetpack_publicize_connections":[],"jetpack_featured_media_url":"https:\/\/i0.wp.com\/politicosaldesnudo.com.mx\/wp-content\/uploads\/2025\/03\/WhatsApp-Image-2025-03-02-at-16.52.15-1.jpeg?fit=1280%2C960&ssl=1","jetpack-related-posts":[],"jetpack_sharing_enabled":true,"_links":{"self":[{"href":"https:\/\/politicosaldesnudo.com.mx\/index.php\/wp-json\/wp\/v2\/posts\/57846","targetHints":{"allow":["GET"]}}],"collection":[{"href":"https:\/\/politicosaldesnudo.com.mx\/index.php\/wp-json\/wp\/v2\/posts"}],"about":[{"href":"https:\/\/politicosaldesnudo.com.mx\/index.php\/wp-json\/wp\/v2\/types\/post"}],"author":[{"embeddable":true,"href":"https:\/\/politicosaldesnudo.com.mx\/index.php\/wp-json\/wp\/v2\/users\/4"}],"replies":[{"embeddable":true,"href":"https:\/\/politicosaldesnudo.com.mx\/index.php\/wp-json\/wp\/v2\/comments?post=57846"}],"version-history":[{"count":0,"href":"https:\/\/politicosaldesnudo.com.mx\/index.php\/wp-json\/wp\/v2\/posts\/57846\/revisions"}],"wp:featuredmedia":[{"embeddable":true,"href":"https:\/\/politicosaldesnudo.com.mx\/index.php\/wp-json\/wp\/v2\/media\/57847"}],"wp:attachment":[{"href":"https:\/\/politicosaldesnudo.com.mx\/index.php\/wp-json\/wp\/v2\/media?parent=57846"}],"wp:term":[{"taxonomy":"category","embeddable":true,"href":"https:\/\/politicosaldesnudo.com.mx\/index.php\/wp-json\/wp\/v2\/categories?post=57846"},{"taxonomy":"post_tag","embeddable":true,"href":"https:\/\/politicosaldesnudo.com.mx\/index.php\/wp-json\/wp\/v2\/tags?post=57846"}],"curies":[{"name":"wp","href":"https:\/\/api.w.org\/{rel}","templated":true}]}}