{"id":57896,"date":"2025-03-03T00:16:36","date_gmt":"2025-03-03T06:16:36","guid":{"rendered":"https:\/\/politicosaldesnudo.com.mx\/?p=57896"},"modified":"2025-03-02T21:11:50","modified_gmt":"2025-03-03T03:11:50","slug":"arriba-antonio-martinez-a-la-sspe-de-aguascalientes","status":"publish","type":"post","link":"https:\/\/politicosaldesnudo.com.mx\/index.php\/2025\/03\/03\/arriba-antonio-martinez-a-la-sspe-de-aguascalientes\/","title":{"rendered":"Arriba Antonio Mart\u00ednez a la SSPE de Aguascalientes"},"content":{"rendered":"<p class=\"nota-justify\">La gobernadora panista, Teresa Jim\u00e9nez Esquivel, tom\u00f3 protesta a Antonio Mart\u00ednez Romo como nuevo titular de la Secretar\u00eda de Seguridad P\u00fablica Estatal (SSPE), en sustituci\u00f3n de Manuel Alonso Garc\u00eda, quien a partir de este d\u00eda ser\u00e1 el responsable de la Fiscal\u00eda General del Estado.<\/p>\n<p class=\"nota-justify\">En su primer discurso como jefe policiaco, Mart\u00ednez Romo anticip\u00f3 que supervisar\u00e1 el trabajo de los encargados de seguridad p\u00fablica en cada uno de los 11 municipios de la entidad, y de ser necesario se realizar\u00e1n los ajustes pertinentes.<\/p>\n<p class=\"nota-justify\">Acto seguido, el funcionario policiaco, quien hasta este viernes ocup\u00f3 el mismo cargo, pero en el ayuntamiento de la capital desde enero del 2016, se\u00f1al\u00f3 que realizar\u00e1 un an\u00e1lisis sobre la labor de los directores, adem\u00e1s de mencionar que en caso de considerar cambios, se har\u00e1n con base en la experiencia de cada elemento.<\/p>\n<p class=\"nota-justify\">\u00abTengo que hacer ese an\u00e1lisis y, si son los mismos que ya tienen la experiencia probada en donde est\u00e1n, tendremos que hacer alguna modificaci\u00f3n. Igual esto tendr\u00e1 que ser ya un esquema de trabajo que maneje en la cercan\u00eda con cada comandante o con cada director y de ah\u00ed podr\u00e9 tomar decisiones\u00bb, dijo.<\/p>\n<p class=\"nota-justify\">Posteriormente, Antonio Mart\u00ednez, conocido en el argot policiaco como\u00a0<i>Poncharelo<\/i>, habl\u00f3 sobre la permanencia de los actuales mandos municipales, y en este punto afirm\u00f3 que se adherir\u00e1 al esquema del mando coordinado, en el cual la Secretar\u00eda de Seguridad P\u00fablica del Estado tiene un papel rector.<\/p>\n","protected":false},"excerpt":{"rendered":"<p>La gobernadora panista, Teresa Jim\u00e9nez Esquivel, tom\u00f3 protesta a Antonio Mart\u00ednez Romo como nuevo titular de la Secretar\u00eda de Seguridad<\/p>\n","protected":false},"author":4,"featured_media":57897,"comment_status":"closed","ping_status":"closed","sticky":false,"template":"","format":"standard","meta":{"colormag_page_container_layout":"default_layout","colormag_page_sidebar_layout":"default_layout","_jetpack_memberships_contains_paid_content":false,"footnotes":"","jetpack_publicize_message":"","jetpack_publicize_feature_enabled":true,"jetpack_social_post_already_shared":false,"jetpack_social_options":{"image_generator_settings":{"template":"highway","default_image_id":0,"font":"","enabled":false},"version":2}},"categories":[30],"tags":[],"class_list":["post-57896","post","type-post","status-publish","format-standard","has-post-thumbnail","hentry","category-estados"],"jetpack_publicize_connections":[],"jetpack_featured_media_url":"https:\/\/i0.wp.com\/politicosaldesnudo.com.mx\/wp-content\/uploads\/2025\/03\/SSP.jpg?fit=787%2C501&ssl=1","jetpack-related-posts":[],"jetpack_sharing_enabled":true,"_links":{"self":[{"href":"https:\/\/politicosaldesnudo.com.mx\/index.php\/wp-json\/wp\/v2\/posts\/57896","targetHints":{"allow":["GET"]}}],"collection":[{"href":"https:\/\/politicosaldesnudo.com.mx\/index.php\/wp-json\/wp\/v2\/posts"}],"about":[{"href":"https:\/\/politicosaldesnudo.com.mx\/index.php\/wp-json\/wp\/v2\/types\/post"}],"author":[{"embeddable":true,"href":"https:\/\/politicosaldesnudo.com.mx\/index.php\/wp-json\/wp\/v2\/users\/4"}],"replies":[{"embeddable":true,"href":"https:\/\/politicosaldesnudo.com.mx\/index.php\/wp-json\/wp\/v2\/comments?post=57896"}],"version-history":[{"count":0,"href":"https:\/\/politicosaldesnudo.com.mx\/index.php\/wp-json\/wp\/v2\/posts\/57896\/revisions"}],"wp:featuredmedia":[{"embeddable":true,"href":"https:\/\/politicosaldesnudo.com.mx\/index.php\/wp-json\/wp\/v2\/media\/57897"}],"wp:attachment":[{"href":"https:\/\/politicosaldesnudo.com.mx\/index.php\/wp-json\/wp\/v2\/media?parent=57896"}],"wp:term":[{"taxonomy":"category","embeddable":true,"href":"https:\/\/politicosaldesnudo.com.mx\/index.php\/wp-json\/wp\/v2\/categories?post=57896"},{"taxonomy":"post_tag","embeddable":true,"href":"https:\/\/politicosaldesnudo.com.mx\/index.php\/wp-json\/wp\/v2\/tags?post=57896"}],"curies":[{"name":"wp","href":"https:\/\/api.w.org\/{rel}","templated":true}]}}