{"id":5791,"date":"2022-05-26T06:16:47","date_gmt":"2022-05-26T11:16:47","guid":{"rendered":"https:\/\/politicosaldesnudo.com.mx\/?p=5791"},"modified":"2022-05-26T06:16:47","modified_gmt":"2022-05-26T11:16:47","slug":"con-alito-sepultaran-al-pri","status":"publish","type":"post","link":"https:\/\/politicosaldesnudo.com.mx\/index.php\/2022\/05\/26\/con-alito-sepultaran-al-pri\/","title":{"rendered":"Con Alito sepultar\u00e1n al PRI"},"content":{"rendered":"<p class=\"p1\">\n<p class=\"p1\"><span style=\"font-size: 18pt;\"><strong>Por\u00a0 Luis Ram\u00edrez Baqueiro<\/strong><\/span><\/p>\n<p>&nbsp;<\/p>\n<p class=\"p1\"><em><span style=\"font-size: 18pt;\"><strong>\u201cCometer un error y no corregirlo es otro error\u201d <\/strong><\/span><\/em><\/p>\n<p class=\"p1\"><span style=\"font-size: 18pt;\">\u2013 Confucio \u2013<\/span><\/p>\n<p>&nbsp;<\/p>\n<p class=\"p1\"><span style=\"font-size: 14pt;\">Vaya que todos los d\u00edas nos sorprenden los pol\u00edticos mexicanos, casta de personajes que, encaramados en un ladrillo, se convierten en gigantes de barro, en donde aparentemente, hasta los sesos se les hacen lodo, por simple \u00f3smosis.<\/span><\/p>\n<p class=\"p1\"><span style=\"font-size: 18pt;\"><strong>La muy lamentable infidencia dada a conocer por la gobernadora de Campeche, Layla Sansores, respecto a la declaraci\u00f3n del dirigente nacional del Partido Revolucionario Institucional (PRI), Alejandro \u201cAlito\u201d Moreno C\u00e1rdenas, exhibe de cuerpo completo a esa clase pol\u00edtica.\u00a0<\/strong><\/span><\/p>\n<p>&nbsp;<\/p>\n<div style=\"width: 800px;\" class=\"wp-video\"><video class=\"wp-video-shortcode\" id=\"video-5791-1\" width=\"800\" height=\"450\" preload=\"metadata\" controls=\"controls\"><source type=\"video\/mp4\" src=\"https:\/\/politicosaldesnudo.com.mx\/wp-content\/uploads\/2022\/05\/l8yDVPoLiCCAnedb.mp4?_=1\" \/><a href=\"https:\/\/politicosaldesnudo.com.mx\/wp-content\/uploads\/2022\/05\/l8yDVPoLiCCAnedb.mp4\">https:\/\/politicosaldesnudo.com.mx\/wp-content\/uploads\/2022\/05\/l8yDVPoLiCCAnedb.mp4<\/a><\/video><\/div>\n<p>&nbsp;<\/p>\n<p class=\"p1\"><span style=\"font-size: 18pt;\"><strong>Beneficiarios de los favores y beneficios que en su momento el poder les pudo dar, Alejandro Moreno, pertenece a esa clase pol\u00edtica, que m\u00e1s que por identificarse por sus m\u00e9ritos acad\u00e9micos, o logros en la administraci\u00f3n p\u00fablica, o talentos en la vida cultural, social o econ\u00f3mica, se identific\u00f3 por ser un liderzuelo que m\u00e1s por gritos y actitudes porriles alcanz\u00f3 el liderazgo del Frente Juvenil Revolucionario (FJR).<\/strong><\/span><\/p>\n<p class=\"p1\"><span style=\"font-size: 14pt;\">As\u00ed, identificado con ese estilo, el menos pragm\u00e1tico y s\u00ed el m\u00e1s corriente y vulgar del PRI, se hizo de un cierto nombre para ir trepando en la estructura priista.<\/span><\/p>\n<p class=\"p1\"><span style=\"font-size: 18pt;\"><strong>Enrique Pe\u00f1a Nieto, su gran protector, vio en \u00e9l, al esquirol que sepultar\u00e1 al partido que lo habr\u00eda llevado a la presidencia, para as\u00ed pasar a la historia como el \u00faltimo presidente de M\u00e9xico emanado del partido de la Revoluci\u00f3n.<\/strong><\/span><\/p>\n<p class=\"p1\"><span style=\"font-size: 14pt;\">Muy lejos quedaron los a\u00f1os en el que los generales sonorenses decidieron la vida pol\u00edtica del pa\u00eds, de lado paso, para la actual dirigencia, que personajes como L\u00e1zaro C\u00e1rdenas, intentar\u00e1 dar un rumbo socialista \u2013de izquierda- a la vida pol\u00edtica nacional, amalgamando en este instituto pol\u00edtico a todas las fuerzas pol\u00edticas emanadas de la lucha armada.<\/span><\/p>\n<p class=\"p1\"><span style=\"font-size: 14pt;\">Su decisi\u00f3n por dejar a Manuel \u00c1vila Camacho, quien, a su vez, desmilitarizar la pol\u00edtica, siendo el militar y general de carrera, poco importaron para que el actual l\u00edder priista termine por exterminar al partido tricolor.<\/span><\/p>\n<p class=\"p1\"><span style=\"font-size: 18pt;\"><strong>Y ni hablar de los pol\u00edticos como Adolfo Ruiz Cortines y Adolfo L\u00f3pez Mateos, quienes mostraron el culmen del ejercicio pol\u00edtico del priismo avasallador y totalitario, pues con ellos, lleg\u00f3 la ca\u00edda del r\u00e9gimen, al permitir desde territorio nacional la construcci\u00f3n de la izquierda castrista que hoy por hoy pretende dominar al continente, tras el rescate Chavista desde Venezuela.<\/strong><\/span><\/p>\n<p class=\"p1\"><span style=\"font-size: 14pt;\">As\u00ed con un poder pol\u00edtico internacional disminuido, el PRI, de Alito Moreno exhibe las deficiencias deformaci\u00f3n que toda organizaci\u00f3n que ahora se comporta como una mafia, inundada de peque\u00f1os bandiditos en las entidades federativas, que lo hacen ver, como una caricatura del otrora poderoso y hegem\u00f3nico instituto pol\u00edtico.<\/span><\/p>\n<p class=\"p1\"><span style=\"font-size: 18pt;\"><strong>Sus declaraciones en contra de los periodistas, reporteros y todos lo que ejercen el oficio de comunicar, son el claro ejemplo de la manera en que los patanes y delincuentes se expresan de quienes les se\u00f1alan en su intento por mantener su ef\u00edmero poder.<\/strong><\/span><\/p>\n<p class=\"p1\"><span style=\"font-size: 18pt;\"><strong>Frases como esta: \u00abA los periodistas no hay que matarlos a balazos (&#8230;); hay que matarlos de hambre\u00bb son la evidencia irrefutable de las inteligencias de involucionadas, que, como integrantes del reino animal, se comportan como los primates.<\/strong><\/span><\/p>\n<p class=\"p1\"><span style=\"font-size: 14pt;\">Para explicarle al mismo Alito Moreno que en su partido existieron personajes de la talla de Jes\u00fas Reyes Heroles, mentes como Daniel Cos\u00edo Villegas, o inclusive personajes como Emilio Uranga.<\/span><\/p>\n<p class=\"p1\"><span style=\"font-size: 18pt;\"><strong>Discutir o intentar dialogar con pol\u00edticos que como los Australopithecus ni ha se\u00f1as se les podr\u00e1 explicar, es la evidencia de que con Alito Moreno al PRI lo terminar\u00e1n de sepultar.<\/strong><\/span><\/p>\n<p class=\"p1\">\n<p class=\"p1\"><strong><span style=\"font-size: 18pt;\">Al tiempo.<\/span><\/strong><\/p>\n<p class=\"p1\">\n<p class=\"p1\"><strong><span style=\"font-size: 18pt;\">Correo: <a href=\"mailto:astrolabiopoliticomx@gmail.com\">astrolabiopoliticomx@gmail.com<\/a><\/span><\/strong><\/p>\n<p class=\"p1\"><strong><span style=\"font-size: 18pt;\">Twitter: <a href=\"http:\/\/twitter.com\/LuisBaqueiro_mx\">@LuisBaqueiro_mx<\/a><\/span><\/strong><\/p>\n<p>&nbsp;<\/p>\n<p>&nbsp;<\/p>\n<p>&nbsp;<\/p>\n<p>&nbsp;<\/p>\n","protected":false},"excerpt":{"rendered":"<p>Por\u00a0 Luis Ram\u00edrez Baqueiro &nbsp; \u201cCometer un error y no corregirlo es otro error\u201d \u2013 Confucio \u2013 &nbsp; Vaya que<\/p>\n","protected":false},"author":4,"featured_media":4390,"comment_status":"closed","ping_status":"closed","sticky":false,"template":"","format":"standard","meta":{"colormag_page_container_layout":"default_layout","colormag_page_sidebar_layout":"default_layout","_jetpack_memberships_contains_paid_content":false,"footnotes":"","jetpack_publicize_message":"","jetpack_publicize_feature_enabled":true,"jetpack_social_post_already_shared":true,"jetpack_social_options":{"image_generator_settings":{"template":"highway","default_image_id":0,"font":"","enabled":false},"version":2}},"categories":[26],"tags":[840,226],"class_list":["post-5791","post","type-post","status-publish","format-standard","has-post-thumbnail","hentry","category-columnistas","tag-alejandro-moreno-cardenas","tag-pri"],"jetpack_publicize_connections":[],"jetpack_featured_media_url":"https:\/\/i0.wp.com\/politicosaldesnudo.com.mx\/wp-content\/uploads\/2022\/04\/LUIS-RAMI%CC%81REZ-BAQUEIRO.png?fit=1816%2C1016&ssl=1","jetpack-related-posts":[],"jetpack_sharing_enabled":true,"_links":{"self":[{"href":"https:\/\/politicosaldesnudo.com.mx\/index.php\/wp-json\/wp\/v2\/posts\/5791","targetHints":{"allow":["GET"]}}],"collection":[{"href":"https:\/\/politicosaldesnudo.com.mx\/index.php\/wp-json\/wp\/v2\/posts"}],"about":[{"href":"https:\/\/politicosaldesnudo.com.mx\/index.php\/wp-json\/wp\/v2\/types\/post"}],"author":[{"embeddable":true,"href":"https:\/\/politicosaldesnudo.com.mx\/index.php\/wp-json\/wp\/v2\/users\/4"}],"replies":[{"embeddable":true,"href":"https:\/\/politicosaldesnudo.com.mx\/index.php\/wp-json\/wp\/v2\/comments?post=5791"}],"version-history":[{"count":0,"href":"https:\/\/politicosaldesnudo.com.mx\/index.php\/wp-json\/wp\/v2\/posts\/5791\/revisions"}],"wp:featuredmedia":[{"embeddable":true,"href":"https:\/\/politicosaldesnudo.com.mx\/index.php\/wp-json\/wp\/v2\/media\/4390"}],"wp:attachment":[{"href":"https:\/\/politicosaldesnudo.com.mx\/index.php\/wp-json\/wp\/v2\/media?parent=5791"}],"wp:term":[{"taxonomy":"category","embeddable":true,"href":"https:\/\/politicosaldesnudo.com.mx\/index.php\/wp-json\/wp\/v2\/categories?post=5791"},{"taxonomy":"post_tag","embeddable":true,"href":"https:\/\/politicosaldesnudo.com.mx\/index.php\/wp-json\/wp\/v2\/tags?post=5791"}],"curies":[{"name":"wp","href":"https:\/\/api.w.org\/{rel}","templated":true}]}}