{"id":58057,"date":"2025-03-05T00:30:44","date_gmt":"2025-03-05T06:30:44","guid":{"rendered":"https:\/\/politicosaldesnudo.com.mx\/?p=58057"},"modified":"2025-03-05T00:31:01","modified_gmt":"2025-03-05T06:31:01","slug":"apoyo-total-a-la-presidenta-claudia-sheinbaum-desde-tamaulipas-gobernador","status":"publish","type":"post","link":"https:\/\/politicosaldesnudo.com.mx\/index.php\/2025\/03\/05\/apoyo-total-a-la-presidenta-claudia-sheinbaum-desde-tamaulipas-gobernador\/","title":{"rendered":"Apoyo total a la presidenta Claudia Sheinbaum desde Tamaulipas: gobernador"},"content":{"rendered":"<p>Frente a la decisi\u00f3n del gobierno de Estados Unidos de imponer aranceles injustificados a las exportaciones de M\u00e9xico, consideramos que la cooperaci\u00f3n y el respeto mutuo deben ser los pilares de nuestra relaci\u00f3n bilateral, no a la imposici\u00f3n, ni al intervencionismo, manifest\u00f3 Am\u00e9rico Villarreal Anaya, esta ma\u00f1ana.<\/p>\n<p>Dijo que M\u00e9xico ha demostrado con hechos su compromiso con la seguridad y la lucha contra el tr\u00e1fico de sustancias il\u00edcitas. Como lo ha instruido la Presidenta mexicana en los \u00faltimos cinco meses en los que se han logrado avances hist\u00f3ricos en decomisos, desmantelamiento de laboratorios clandestinos y reducci\u00f3n de la violencia en el pa\u00eds.<\/p>\n<p>\u201cTamaulipas ha sido parte de este esfuerzo, coordinando acciones con el gobierno federal para fortalecer la seguridad de la mano de la Guardia Nacional, la Secretaria de la Defensa, la Marina y, por su puesto, nuestra Guardia Estatal, adem\u00e1s de impulsar el desarrollo econ\u00f3mico de la regi\u00f3n fronteriza\u201d.<\/p>\n<p>La relaci\u00f3n comercial entre M\u00e9xico y Estados Unidos no solo beneficia a nuestras empresas y a nuestros trabajadores, sino tambi\u00e9n a millones de ciudadanos estadunidenses que dependen de esta integraci\u00f3n econ\u00f3mica. Imponer barreras comerciales no solo es una decisi\u00f3n injusta, sino tambi\u00e9n perjudicial para ambas naciones, insiste el mandatario en un comunicado.<\/p>\n<p>Desde Tamaulipas, refrendamos nuestro compromiso con un M\u00e9xico fuerte, soberano e independiente. No aceptamos decisiones unilaterales que afecten el bienestar de nuestras familias y nuestra econom\u00eda. Respaldamos las medidas que el Gobierno de M\u00e9xico adoptar\u00e1 en defensa de nuestra soberan\u00eda y de los intereses de nuestro pueblo.<\/p>\n<p>\u00abConvocamos a las y los tamaulipecos a mantenernos unidos en este momento crucial. Es tiempo de defender a M\u00e9xico con inteligencia, dignidad y unidad. A la presidenta Claudia Sheinbaum, nuestro total respaldo. En Tamaulipas estamos con usted\u00bb, finaliza el documento.<\/p>\n","protected":false},"excerpt":{"rendered":"<p>Frente a la decisi\u00f3n del gobierno de Estados Unidos de imponer aranceles injustificados a las exportaciones de M\u00e9xico, consideramos que<\/p>\n","protected":false},"author":4,"featured_media":58058,"comment_status":"closed","ping_status":"closed","sticky":false,"template":"","format":"standard","meta":{"colormag_page_container_layout":"default_layout","colormag_page_sidebar_layout":"default_layout","_jetpack_memberships_contains_paid_content":false,"footnotes":"","jetpack_publicize_message":"","jetpack_publicize_feature_enabled":true,"jetpack_social_post_already_shared":false,"jetpack_social_options":{"image_generator_settings":{"template":"highway","default_image_id":0,"font":"","enabled":false},"version":2}},"categories":[30],"tags":[],"class_list":["post-58057","post","type-post","status-publish","format-standard","has-post-thumbnail","hentry","category-estados"],"jetpack_publicize_connections":[],"jetpack_featured_media_url":"https:\/\/i0.wp.com\/politicosaldesnudo.com.mx\/wp-content\/uploads\/2025\/03\/GOT.jpg?fit=400%2C269&ssl=1","jetpack-related-posts":[],"jetpack_sharing_enabled":true,"_links":{"self":[{"href":"https:\/\/politicosaldesnudo.com.mx\/index.php\/wp-json\/wp\/v2\/posts\/58057","targetHints":{"allow":["GET"]}}],"collection":[{"href":"https:\/\/politicosaldesnudo.com.mx\/index.php\/wp-json\/wp\/v2\/posts"}],"about":[{"href":"https:\/\/politicosaldesnudo.com.mx\/index.php\/wp-json\/wp\/v2\/types\/post"}],"author":[{"embeddable":true,"href":"https:\/\/politicosaldesnudo.com.mx\/index.php\/wp-json\/wp\/v2\/users\/4"}],"replies":[{"embeddable":true,"href":"https:\/\/politicosaldesnudo.com.mx\/index.php\/wp-json\/wp\/v2\/comments?post=58057"}],"version-history":[{"count":0,"href":"https:\/\/politicosaldesnudo.com.mx\/index.php\/wp-json\/wp\/v2\/posts\/58057\/revisions"}],"wp:featuredmedia":[{"embeddable":true,"href":"https:\/\/politicosaldesnudo.com.mx\/index.php\/wp-json\/wp\/v2\/media\/58058"}],"wp:attachment":[{"href":"https:\/\/politicosaldesnudo.com.mx\/index.php\/wp-json\/wp\/v2\/media?parent=58057"}],"wp:term":[{"taxonomy":"category","embeddable":true,"href":"https:\/\/politicosaldesnudo.com.mx\/index.php\/wp-json\/wp\/v2\/categories?post=58057"},{"taxonomy":"post_tag","embeddable":true,"href":"https:\/\/politicosaldesnudo.com.mx\/index.php\/wp-json\/wp\/v2\/tags?post=58057"}],"curies":[{"name":"wp","href":"https:\/\/api.w.org\/{rel}","templated":true}]}}