{"id":58060,"date":"2025-03-05T00:32:39","date_gmt":"2025-03-05T06:32:39","guid":{"rendered":"https:\/\/politicosaldesnudo.com.mx\/?p=58060"},"modified":"2025-03-05T00:32:39","modified_gmt":"2025-03-05T06:32:39","slug":"protestan-en-hospital-de-acapulco-por-falta-de-especialistas-y-medicamentos","status":"publish","type":"post","link":"https:\/\/politicosaldesnudo.com.mx\/index.php\/2025\/03\/05\/protestan-en-hospital-de-acapulco-por-falta-de-especialistas-y-medicamentos\/","title":{"rendered":"Protestan en hospital de Acapulco por falta de especialistas y medicamentos"},"content":{"rendered":"<p class=\"nota-justify\">Familiares y pacientes de la especialidad de Psiquiatr\u00eda se manifestaron frente al Hospital General de Acapulco, en El Quemado, para exigir la instalaci\u00f3n de dos especialistas, luego de que el servicio fue suspendido desde hace aproximadamente un mes.<\/p>\n<p class=\"nota-justify\">Los afectados explicaron que 300 derechohabientes quedaron a la deriva, luego de que fueron removidas dos especialistas.<\/p>\n<p class=\"nota-justify\">A ello se agrega el desabasto de medicamentos especializados, por lo que deben comprar sus medicinas.<\/p>\n<p class=\"nota-justify\">Pacientes y sus familiares reclamaron que para recibir una consulta de psiquiatr\u00eda, directivos del IMSS Bienestar de El Quemado los remiten a hospitales de otras ciudades como Zihuatanejo y Chilpancingo, por lo que demandaron reanudar las consultas de esta especialidad.<\/p>\n<p class=\"nota-justify\">Los manifestantes exigieron que las m\u00e9dicas Amelia de la Paz y Diana Isela Dom\u00ednguez sean reinstaladas, y el servicio de atenci\u00f3n a pacientes psiqui\u00e1tricos sea reanudado.<\/p>\n<p class=\"nota-justify\">Marina Nava Hern\u00e1ndez, madre de un paciente psiqui\u00e1trico, expres\u00f3 que \u00abqueremos que la doctora Diana y Amelia regresen, nos la quieren quitar para imponer a otra persona\u00bb.<\/p>\n<p class=\"nota-justify\">Agreg\u00f3 que \u00ablos compa\u00f1eros y yo queremos que la doctora regrese, que no nos la quiten, ella conoce los expedientes, queremos a alguien que saque a nuestros familiares adelante, adem\u00e1s hay desabasto de medicamento\u00bb.<\/p>\n<p class=\"nota-justify\">En tanto que Refugio Mart\u00ednez Mej\u00eda advirti\u00f3 que \u00ab\u00faltimamente ha habido escasez de medicamentos, no hay consultas de psiquiatr\u00eda, los pacientes est\u00e1n recayendo por falta de atenci\u00f3n, necesitamos que el director del hospital haga algo\u00bb.<\/p>\n<p class=\"nota-justify\">Derechohabientes del \u00e1rea de psiquiatr\u00eda del hospital general de El Quemado se manifestaron el pasado 6 de febrero en la explanada de la pi\u00f1ata del parque Papagayo, para demandar a la Secretar\u00eda de Salud, la reanudaci\u00f3n del servicio de psiquiatr\u00eda, sin embargo las autoridades no han atendido esta solicitud.<\/p>\n<p class=\"nota-justify\">Por separado, trabajadores qu\u00edmicos del hospital Donato G. Alarc\u00f3n de la colonia Ciudad Renacimiento se manifestaron de forma pac\u00edfica en el interior del nosocomio, el martes a mediod\u00eda, para exigir al gobierno estatal su recategorizaci\u00f3n a nivel del IMSS Bienestar.<\/p>\n<p class=\"nota-justify\">Los afectados demandaron que se cumpla la iniciativa de ley aprobada por la comisi\u00f3n de salud en el Congreso local.<\/p>\n<p class=\"nota-justify\">Explicaron que los c\u00f3digos ser\u00edan entregados de 20 en 20, pero ya es marzo y hasta el momento no se han entregado.<\/p>\n<p class=\"nota-justify\">Los inconformes pidieron ser valorados como qu\u00edmicos y no como t\u00e9cnicos laboratoristas.<\/p>\n<p class=\"nota-justify\">Advirtieron que un t\u00e9cnico cobra 9 mil 900 pesos mensuales, cuando un qu\u00edmico cobra m\u00e1s de 16 mil pesos.<\/p>\n<p class=\"nota-justify\">Uno de los manifestantes, Antony G\u00f3mez Montes, qu\u00edmico del hospital Renacimiento, expres\u00f3 que \u00abdesempe\u00f1amos nuestras funciones como qu\u00edmicos, muchos con grados de maestr\u00eda, especialidad y doctorado, muchos con 20 y 25 a\u00f1os de antig\u00fcedad y no han sido homologados\u00bb.<\/p>\n<p class=\"nota-justify\">Recrimin\u00f3 que la iniciativa de ley que fue aprobada pero no ha sido atendida, por lo que hicieron un llamado a la gobernadora Evelyn Salgado Pineda.<\/p>\n<p class=\"nota-justify\">Los qu\u00edmicos detallaron que laboran nueve horas como personal sindicalizado, y advirtieron que su labor diaria como qu\u00edmicos es de alto riesgo, pues laboran con pacientes con probables padecimientos infectocontagiosos.<\/p>\n<p class=\"nota-justify\">\u00abEstamos cobrando como t\u00e9cnicos pero desarrollando otras funciones, trabajando como qu\u00edmicos\u00bb, reprocharon.<\/p>\n<p class=\"nota-justify\">Otra de las afectadas, Adriana Arteaga Mart\u00ednez, se\u00f1al\u00f3 que hay personal que tiene 17 a\u00f1os laborando como qu\u00edmicos, pero cobrando salario con c\u00f3digo de t\u00e9cnico.<\/p>\n","protected":false},"excerpt":{"rendered":"<p>Familiares y pacientes de la especialidad de Psiquiatr\u00eda se manifestaron frente al Hospital General de Acapulco, en El Quemado, para<\/p>\n","protected":false},"author":4,"featured_media":58061,"comment_status":"closed","ping_status":"closed","sticky":false,"template":"","format":"standard","meta":{"colormag_page_container_layout":"default_layout","colormag_page_sidebar_layout":"default_layout","_jetpack_memberships_contains_paid_content":false,"footnotes":"","jetpack_publicize_message":"","jetpack_publicize_feature_enabled":true,"jetpack_social_post_already_shared":false,"jetpack_social_options":{"image_generator_settings":{"template":"highway","default_image_id":0,"font":"","enabled":false},"version":2}},"categories":[30],"tags":[],"class_list":["post-58060","post","type-post","status-publish","format-standard","has-post-thumbnail","hentry","category-estados"],"jetpack_publicize_connections":[],"jetpack_featured_media_url":"https:\/\/i0.wp.com\/politicosaldesnudo.com.mx\/wp-content\/uploads\/2025\/03\/HA.jpg?fit=760%2C481&ssl=1","jetpack-related-posts":[],"jetpack_sharing_enabled":true,"_links":{"self":[{"href":"https:\/\/politicosaldesnudo.com.mx\/index.php\/wp-json\/wp\/v2\/posts\/58060","targetHints":{"allow":["GET"]}}],"collection":[{"href":"https:\/\/politicosaldesnudo.com.mx\/index.php\/wp-json\/wp\/v2\/posts"}],"about":[{"href":"https:\/\/politicosaldesnudo.com.mx\/index.php\/wp-json\/wp\/v2\/types\/post"}],"author":[{"embeddable":true,"href":"https:\/\/politicosaldesnudo.com.mx\/index.php\/wp-json\/wp\/v2\/users\/4"}],"replies":[{"embeddable":true,"href":"https:\/\/politicosaldesnudo.com.mx\/index.php\/wp-json\/wp\/v2\/comments?post=58060"}],"version-history":[{"count":0,"href":"https:\/\/politicosaldesnudo.com.mx\/index.php\/wp-json\/wp\/v2\/posts\/58060\/revisions"}],"wp:featuredmedia":[{"embeddable":true,"href":"https:\/\/politicosaldesnudo.com.mx\/index.php\/wp-json\/wp\/v2\/media\/58061"}],"wp:attachment":[{"href":"https:\/\/politicosaldesnudo.com.mx\/index.php\/wp-json\/wp\/v2\/media?parent=58060"}],"wp:term":[{"taxonomy":"category","embeddable":true,"href":"https:\/\/politicosaldesnudo.com.mx\/index.php\/wp-json\/wp\/v2\/categories?post=58060"},{"taxonomy":"post_tag","embeddable":true,"href":"https:\/\/politicosaldesnudo.com.mx\/index.php\/wp-json\/wp\/v2\/tags?post=58060"}],"curies":[{"name":"wp","href":"https:\/\/api.w.org\/{rel}","templated":true}]}}