{"id":58072,"date":"2025-03-05T00:39:22","date_gmt":"2025-03-05T06:39:22","guid":{"rendered":"https:\/\/politicosaldesnudo.com.mx\/?p=58072"},"modified":"2025-03-05T00:39:22","modified_gmt":"2025-03-05T06:39:22","slug":"cuba-acusa-a-marco-rubio-como-promotor-de-programas-subversivos-contra-la-isla","status":"publish","type":"post","link":"https:\/\/politicosaldesnudo.com.mx\/index.php\/2025\/03\/05\/cuba-acusa-a-marco-rubio-como-promotor-de-programas-subversivos-contra-la-isla\/","title":{"rendered":"Cuba acusa a Marco Rubio como promotor de programas subversivos contra la isla"},"content":{"rendered":"<p class=\"nota-justify\">El canciller de Cuba, Bruno Rodr\u00edguez, denunci\u00f3 este martes que el secretario de Estado (canciller) de Estados Unidos, Marco Rubio, quien se desempe\u00f1a como director interino de la Agencia de Estados Unidos para el Desarrollo Internacional (Usaid), emplea el dinero de los contribuyentes en programas subversivos contra el pa\u00eds caribe\u00f1o.<\/p>\n<p class=\"nota-justify\">\u00abMientras gobierno Estados Unidos anuncia recorte de 90 por ciento de fondos USAID por m\u00e1s de 54 mil millones de d\u00f3lares, su administrador interino, en l\u00ednea con su corrupta agenda personal, opta por emplear dinero del contribuyente en programas subversivos contra #Cuba y no en desarrollo internacional\u00bb, escribi\u00f3 el ministro en su cuenta en la red social X\u200b\u200b\u200b.<\/p>\n<p class=\"nota-justify\">De acuerdo con la Canciller\u00eda cubana, la Usaid invirti\u00f3 m\u00e1s de 120 millones de d\u00f3lares para subvertir el orden constitucional en Cuba entre 2007 y 2013.<\/p>\n<p class=\"nota-justify\">A juicio del canciller, es \u00abins\u00f3lito\u00bb que una agencia oficial para el desarrollo emplee dinero para apoyar el cambio de gobierno y \u00abenriquecer a quienes ven un negocio en el sufrimiento del pueblo cubano\u00bb.<\/p>\n<p class=\"nota-justify\">Tambi\u00e9n considera que la Usaid ha sido una \u00abfachada\u00bb para subvertir el orden constitucional en la naci\u00f3n caribe\u00f1a.<\/p>\n<p>&nbsp;<\/p>\n","protected":false},"excerpt":{"rendered":"<p>El canciller de Cuba, Bruno Rodr\u00edguez, denunci\u00f3 este martes que el secretario de Estado (canciller) de Estados Unidos, Marco Rubio,<\/p>\n","protected":false},"author":4,"featured_media":58073,"comment_status":"closed","ping_status":"closed","sticky":false,"template":"","format":"standard","meta":{"colormag_page_container_layout":"default_layout","colormag_page_sidebar_layout":"default_layout","_jetpack_memberships_contains_paid_content":false,"footnotes":"","jetpack_publicize_message":"","jetpack_publicize_feature_enabled":true,"jetpack_social_post_already_shared":false,"jetpack_social_options":{"image_generator_settings":{"template":"highway","default_image_id":0,"font":"","enabled":false},"version":2}},"categories":[28],"tags":[],"class_list":["post-58072","post","type-post","status-publish","format-standard","has-post-thumbnail","hentry","category-internacional"],"jetpack_publicize_connections":[],"jetpack_featured_media_url":"https:\/\/i0.wp.com\/politicosaldesnudo.com.mx\/wp-content\/uploads\/2025\/03\/CUB.jpg?fit=761%2C439&ssl=1","jetpack-related-posts":[],"jetpack_sharing_enabled":true,"_links":{"self":[{"href":"https:\/\/politicosaldesnudo.com.mx\/index.php\/wp-json\/wp\/v2\/posts\/58072","targetHints":{"allow":["GET"]}}],"collection":[{"href":"https:\/\/politicosaldesnudo.com.mx\/index.php\/wp-json\/wp\/v2\/posts"}],"about":[{"href":"https:\/\/politicosaldesnudo.com.mx\/index.php\/wp-json\/wp\/v2\/types\/post"}],"author":[{"embeddable":true,"href":"https:\/\/politicosaldesnudo.com.mx\/index.php\/wp-json\/wp\/v2\/users\/4"}],"replies":[{"embeddable":true,"href":"https:\/\/politicosaldesnudo.com.mx\/index.php\/wp-json\/wp\/v2\/comments?post=58072"}],"version-history":[{"count":0,"href":"https:\/\/politicosaldesnudo.com.mx\/index.php\/wp-json\/wp\/v2\/posts\/58072\/revisions"}],"wp:featuredmedia":[{"embeddable":true,"href":"https:\/\/politicosaldesnudo.com.mx\/index.php\/wp-json\/wp\/v2\/media\/58073"}],"wp:attachment":[{"href":"https:\/\/politicosaldesnudo.com.mx\/index.php\/wp-json\/wp\/v2\/media?parent=58072"}],"wp:term":[{"taxonomy":"category","embeddable":true,"href":"https:\/\/politicosaldesnudo.com.mx\/index.php\/wp-json\/wp\/v2\/categories?post=58072"},{"taxonomy":"post_tag","embeddable":true,"href":"https:\/\/politicosaldesnudo.com.mx\/index.php\/wp-json\/wp\/v2\/tags?post=58072"}],"curies":[{"name":"wp","href":"https:\/\/api.w.org\/{rel}","templated":true}]}}