{"id":58080,"date":"2025-03-05T00:45:44","date_gmt":"2025-03-05T06:45:44","guid":{"rendered":"https:\/\/politicosaldesnudo.com.mx\/?p=58080"},"modified":"2025-03-05T00:45:44","modified_gmt":"2025-03-05T06:45:44","slug":"claudia-no-estas-sola","status":"publish","type":"post","link":"https:\/\/politicosaldesnudo.com.mx\/index.php\/2025\/03\/05\/claudia-no-estas-sola\/","title":{"rendered":"Claudia, no est\u00e1s sola"},"content":{"rendered":"<p><span style=\"font-size: 14pt;\"><strong>ALMA GRANDE<\/strong><\/span><\/p>\n<p><span style=\"font-size: 14pt;\"><strong>Por \u00c1ngel \u00c1lvaro Pe\u00f1a<\/strong><\/span><\/p>\n<p><span style=\"font-size: 14pt;\">La guerra contempor\u00e1nea ha dejado la sangre en el pasado, los muertos siguen sucumbiendo por diferentes causas pero la supremac\u00eda de quienes declaran la guerra queda en entredicho. La agresi\u00f3n comercial impone derrotas, pero lo cierto es que en las guerras no hay vencedor.<\/span><\/p>\n<p><span style=\"font-size: 14pt;\">La bipolaridad de Trump se convierte en s\u00ed misma, en un reto al resto del mundo, que lo coloca, finalmente contra la pared y en el caso de M\u00e9xico, con quien deber\u00eda tener una excelente relaci\u00f3n, no hizo excepci\u00f3n alguna, lo cual lo coloca m\u00e1s a\u00fan en dos frentes, porque si la Presidenta de M\u00e9xico convoca a una asamblea informativa popular, la convocatoria traspasar\u00e1 fronteras.<\/span><\/p>\n<p><span style=\"font-size: 14pt;\">No ser\u00e1 nada raro que en algunas ciudades de Estados Unidos haya pantallas gigantes que den a conocer la postura de M\u00e9xico ante algo que la propia Claudia Sheinbaum impulsar\u00e1 como consigna pol\u00edtica de los mexicanos que trabajan y viven en Estados Unidos.<\/span><\/p>\n<p><span style=\"font-size: 14pt;\">En el interior del pa\u00eds la oposici\u00f3n sigue resisti\u00e9ndose a crear un frente com\u00fan con la Presidenta, principalmente el PRI, cuyo l\u00edder est\u00e1 con un pie en el desafuero y el otro pie en la c\u00e1rcel. Sabe que de \u00e9sta no saldr\u00e1 bien y debe hacer esc\u00e1ndalos para tener la mentira de la persecuci\u00f3n pol\u00edtica como \u00fanica defensa a una muy larga cadena de fechor\u00edas.<\/span><\/p>\n<p><span style=\"font-size: 14pt;\">El PAN finalmente accedi\u00f3, a trav\u00e9s del gobernador de Quer\u00e9taro Mauricio Kuri, quien aclar\u00f3 que son tiempos en los que todo M\u00e9xico se viste de un solo emblema nacional de tres colores, que son los de la bandera.<\/span><\/p>\n<p><span style=\"font-size: 14pt;\">El primer partido de oposici\u00f3n en hacer frente com\u00fan con M\u00e9xico fue Movimiento Ciudadano, a trav\u00e9s de su l\u00edder nacional Jorge \u00c1lvarez Maynez, quien reconoci\u00f3 que es momento en el que todos debemos estar unidos.<\/span><\/p>\n<p><span style=\"font-size: 14pt;\">Seguramente la convocatoria de la Presidenta llegar\u00e1 muy lejos y su voz se escuchar\u00e1 muy alta en todo el planeta. Su posici\u00f3n debilitar\u00e1 a Trump, porque se trata de un socio que impone, de manera unilateral, un castigo mostrando una falsa superioridad de padre o tutor que no es v\u00e1lida entre socios.<\/span><\/p>\n<p><span style=\"font-size: 14pt;\">A pesar de que dicha sanci\u00f3n entrar\u00eda en vigor a las 12 de la noche del mi\u00e9rcoles 5 de marzo, la decisi\u00f3n de Trump fue cobrar desde la tarde del martes los aranceles, seg\u00fan reportan transportistas y el Colegio de Contadores.<\/span><\/p>\n<p><span style=\"font-size: 14pt;\">Se trata de un violentador que transgrede las leyes m\u00e1s elementales de una sociedad que cre\u00f3 un tratado por la proximidad geogr\u00e1fica, pero no porque haya otro tipo de razones. Es decir, existe todo un planeta para comercializar y un mundo de posibilidades para diversificar el comercio internacional.<\/span><\/p>\n<p><span style=\"font-size: 14pt;\">Hay vecinos que ni siquiera se saludan y si eso es lo que quiere Trump, seguramente ser\u00e1 el que m\u00e1s pierda, porque Canad\u00e1 ya lo amenaz\u00f3 con dejar el norte de Estados Unidos sin energ\u00eda el\u00e9ctrica.<\/span><\/p>\n<p><span style=\"font-size: 14pt;\">Otra de las condiciones que ha olvidado Trump es que ya no es el pa\u00eds m\u00e1s importante del mundo, ni la democracia ejemplar, ni siquiera es la potencia mundial mejor armada. Estados Unidos ha dejado de ser lo que era y hay, en cada uno de los aspectos en los que se consideraba superior, varios que lo rebasan.<\/span><\/p>\n<p><span style=\"font-size: 14pt;\">La unidad a la que convoca la presidenta de M\u00e9xico tiene que ver con un apoyo del 85 por ciento de la poblaci\u00f3n. Seg\u00fan la m\u00e1s reciente encuesta de uno de los diarios que no es precisamente favorecedor de la 4T, sino todo lo contrario.<\/span><\/p>\n<p><span style=\"font-size: 14pt;\">Desde esta perspectiva, la reuni\u00f3n del domingo, no s\u00f3lo es una muestra de unidad y de apoyo total a las posturas soberanas de una Presidenta con dignidad y valor sino una respuesta popular que mostrar\u00e1 su fuerza ante una manera de hacer la guerra y tratar de convencer equivocadamente, que es m\u00e1s fuerte que cualquier otro pa\u00eds.<\/span><\/p>\n<p><span style=\"font-size: 14pt;\">Sabemos que una de las formas que tiene el vecino pa\u00eds de otorgar la naturalizaci\u00f3n es afili\u00e1ndose al ej\u00e9rcito estadounidense, es decir, ciudadanos del resto del mundo se afilian, como carne de ca\u00f1\u00f3n, en las guerras para convertirse en residentes de este pa\u00eds y poder trabajar. Con ese tipo de soldados poco es el amor a la Patria que pueden tener los uniformados peleando en un territorio lejano con causas ajenas.<\/span><\/p>\n<p><span style=\"font-size: 14pt;\"><strong>PEGA Y CORRE.-<\/strong> Han asesinado a otro periodista. Esta vez en el estado m\u00e1s violeto del pa\u00eds: Guanajuato. Se trata de Kristian Uriel Zavala, quien fuera masacrado junto con otra persona, en el municipio de Silao, hab\u00eda solicitado in\u00fatilmente ayuda al Consejo Estatal de\u00a0Protecci\u00f3n a Periodistas y Personas Defensoras de Derechos Humanos en 2021, tras recibir amenazas, pero sucede lo mismo que con el Mecanismo de Protecci\u00f3n a Defensores de Derechos Humanos y Periodistas de la Segob, prefieren la austeridad republicana al asesinato impune de comunicadores\u2026.Esta columna se publica los lunes, mi\u00e9rcoles y viernes.<\/span><\/p>\n<p><img data-recalc-dims=\"1\" loading=\"lazy\" decoding=\"async\" class=\"aligncenter size-full wp-image-57912\" src=\"https:\/\/i0.wp.com\/politicosaldesnudo.com.mx\/wp-content\/uploads\/2025\/03\/FIRMA-EDITORIAL-PD.jpg?resize=800%2C98&#038;ssl=1\" alt=\"\" width=\"800\" height=\"98\" srcset=\"https:\/\/i0.wp.com\/politicosaldesnudo.com.mx\/wp-content\/uploads\/2025\/03\/FIRMA-EDITORIAL-PD.jpg?w=1024&amp;ssl=1 1024w, https:\/\/i0.wp.com\/politicosaldesnudo.com.mx\/wp-content\/uploads\/2025\/03\/FIRMA-EDITORIAL-PD.jpg?resize=300%2C37&amp;ssl=1 300w, https:\/\/i0.wp.com\/politicosaldesnudo.com.mx\/wp-content\/uploads\/2025\/03\/FIRMA-EDITORIAL-PD.jpg?resize=768%2C94&amp;ssl=1 768w\" sizes=\"auto, (max-width: 800px) 100vw, 800px\" \/><\/p>\n","protected":false},"excerpt":{"rendered":"<p>ALMA GRANDE Por \u00c1ngel \u00c1lvaro Pe\u00f1a La guerra contempor\u00e1nea ha dejado la sangre en el pasado, los muertos siguen sucumbiendo<\/p>\n","protected":false},"author":4,"featured_media":57769,"comment_status":"closed","ping_status":"closed","sticky":false,"template":"","format":"standard","meta":{"colormag_page_container_layout":"default_layout","colormag_page_sidebar_layout":"default_layout","_jetpack_memberships_contains_paid_content":false,"footnotes":"","jetpack_publicize_message":"","jetpack_publicize_feature_enabled":true,"jetpack_social_post_already_shared":false,"jetpack_social_options":{"image_generator_settings":{"template":"highway","default_image_id":0,"font":"","enabled":false},"version":2}},"categories":[26],"tags":[],"class_list":["post-58080","post","type-post","status-publish","format-standard","has-post-thumbnail","hentry","category-columnistas"],"jetpack_publicize_connections":[],"jetpack_featured_media_url":"https:\/\/i0.wp.com\/politicosaldesnudo.com.mx\/wp-content\/uploads\/2025\/02\/BANNER-LOPEZ-DORIGA-DIGITAL-4.jpg?fit=800%2C445&ssl=1","jetpack-related-posts":[],"jetpack_sharing_enabled":true,"_links":{"self":[{"href":"https:\/\/politicosaldesnudo.com.mx\/index.php\/wp-json\/wp\/v2\/posts\/58080","targetHints":{"allow":["GET"]}}],"collection":[{"href":"https:\/\/politicosaldesnudo.com.mx\/index.php\/wp-json\/wp\/v2\/posts"}],"about":[{"href":"https:\/\/politicosaldesnudo.com.mx\/index.php\/wp-json\/wp\/v2\/types\/post"}],"author":[{"embeddable":true,"href":"https:\/\/politicosaldesnudo.com.mx\/index.php\/wp-json\/wp\/v2\/users\/4"}],"replies":[{"embeddable":true,"href":"https:\/\/politicosaldesnudo.com.mx\/index.php\/wp-json\/wp\/v2\/comments?post=58080"}],"version-history":[{"count":0,"href":"https:\/\/politicosaldesnudo.com.mx\/index.php\/wp-json\/wp\/v2\/posts\/58080\/revisions"}],"wp:featuredmedia":[{"embeddable":true,"href":"https:\/\/politicosaldesnudo.com.mx\/index.php\/wp-json\/wp\/v2\/media\/57769"}],"wp:attachment":[{"href":"https:\/\/politicosaldesnudo.com.mx\/index.php\/wp-json\/wp\/v2\/media?parent=58080"}],"wp:term":[{"taxonomy":"category","embeddable":true,"href":"https:\/\/politicosaldesnudo.com.mx\/index.php\/wp-json\/wp\/v2\/categories?post=58080"},{"taxonomy":"post_tag","embeddable":true,"href":"https:\/\/politicosaldesnudo.com.mx\/index.php\/wp-json\/wp\/v2\/tags?post=58080"}],"curies":[{"name":"wp","href":"https:\/\/api.w.org\/{rel}","templated":true}]}}