{"id":58151,"date":"2025-03-06T00:20:54","date_gmt":"2025-03-06T06:20:54","guid":{"rendered":"https:\/\/politicosaldesnudo.com.mx\/?p=58151"},"modified":"2025-03-05T23:10:21","modified_gmt":"2025-03-06T05:10:21","slug":"venezuela-afirma-que-detendra-accion-ilegal-de-exxonmobil-en-territorio-por-delimitar","status":"publish","type":"post","link":"https:\/\/politicosaldesnudo.com.mx\/index.php\/2025\/03\/06\/venezuela-afirma-que-detendra-accion-ilegal-de-exxonmobil-en-territorio-por-delimitar\/","title":{"rendered":"Venezuela afirma que detendr\u00e1 \u00abacci\u00f3n ilegal\u00bb de ExxonMobil en territorio por delimitar"},"content":{"rendered":"<p class=\"nota-justify\">El presidente venezolano, Nicol\u00e1s Maduro, afirm\u00f3 este mi\u00e9rcoles que su pa\u00eds tomar\u00e1 acciones para detener la explotaci\u00f3n petrolera \u00abilegal\u00bb, por parte de la empresa estadunidense ExxonMobil, en el territorio pendiente por delimitar con Guyana.<\/p>\n<p class=\"nota-justify\">\u00abEs absolutamente ilegal y Venezuela lo rechaza, lo denuncia y tomaremos todas las acciones para detener la acci\u00f3n ilegal de la ExxonMobil y del gobierno entreguista de Guyana\u00bb, expres\u00f3 Maduro durante una alocuci\u00f3n en cadena nacional\u200b\u200b\u200b.<\/p>\n<p class=\"nota-justify\">El mandatario ofreci\u00f3 las declaraciones cuatro d\u00edas despu\u00e9s de que Guyana denunciara la incursi\u00f3n de un buque naval venezolano en aguas en disputa, que se habr\u00eda posicionado cerca de una embarcaci\u00f3n de la ExxonMobil.<\/p>\n<p class=\"nota-justify\">Al respecto, Maduro conden\u00f3 que sectores de la oposici\u00f3n apoyen al gobierno de Guyana en su \u00abtarea ilegal de disponer de un mar territorial pendiente de delimitaci\u00f3n\u00bb.<\/p>\n<p class=\"nota-justify\">\u00abC\u00f3mo el n\u00facleo reducido, derrotado y fracasado del fascismo totalmente reducido a la nada ha salido a apoyar al gobierno entreguista de Guyana (\u2026) Sale la fascista, la sayona criminal (en referencia a la l\u00edder opositora Mar\u00eda Corina Machado) a apoyar a la ExxonMobil y al gobierno nefasto de Guyana, que ha entregado la soberan\u00eda del pueblo guyan\u00e9s\u00bb, coment\u00f3.<\/p>\n<p class=\"nota-justify\">La administraci\u00f3n de Maduro repudi\u00f3 las acusaciones de Guyana sobre la presunta incursi\u00f3n de un buque de la Armada en su \u00e1rea mar\u00edtima, tras asegurar que \u00e9stas no forman parte de su territorio.<\/p>\n<p class=\"nota-justify\">De igual manera, el gobierno manifest\u00f3 que las acusaciones del presidente guyan\u00e9s, Irfaan Ali, buscan \u00abalterar la paz\u00bb de la regi\u00f3n.<\/p>\n<p class=\"nota-justify\">Las tensiones entre Caracas y Georgetown aumentaron despu\u00e9s que Guyana recibiera ofertas por ocho de los 14 bloques petrol\u00edferos que salieron a licitaci\u00f3n en diciembre de 2022, entre las que se encuentra ExxonMobil.<\/p>\n<p class=\"nota-justify\">Caracas consider\u00f3 esta situaci\u00f3n como una confabulaci\u00f3n de Washington con ExxonMobil para despojar al pa\u00eds de sus derechos sobre el territorio, y realiz\u00f3 un referendo consultivo sobre la protecci\u00f3n de la Guayana Esequiba, el 3 de diciembre de 2023, el cual obtuvo m\u00e1s de 10 millones de votos.<\/p>\n<p class=\"nota-justify\">Tras la consulta, el 14 de diciembre, Maduro y Ali se reunieron en San Vicente y las Granadinas, donde expresaron su disposici\u00f3n de continuar con el di\u00e1logo para dirimir la controversia por el territorio Esequibo.<\/p>\n<p class=\"nota-justify\">Adem\u00e1s, acordaron que Venezuela y Guyana \u00abdirecta o indirectamente no se amenazar\u00e1n, ni utilizar\u00e1n la fuerza mutuamente en ninguna circunstancia\u00bb.<\/p>\n<p class=\"nota-justify\">De igual manera, convinieron que cualquier controversia entre los dos Estados se resolver\u00e1 de conformidad con el derecho internacional, incluido, el Acuerdo de Ginebra del 17 de febrero de 1966.<\/p>\n<p class=\"nota-justify\">Desde hace m\u00e1s de 100 a\u00f1os Venezuela y Guyana mantienen un diferendo sobre la soberan\u00eda de la Regi\u00f3n del Esequibo, que abarca unos 160 mil kil\u00f3metros cuadrados al oeste del r\u00edo Esequibo y posee grandes reservas de petr\u00f3leo.<\/p>\n<p class=\"nota-justify\">En 1966, ambas naciones firmaron un acuerdo para buscar una soluci\u00f3n pac\u00edfica a esta disputa, pero Guyana introdujo en 2018 una demanda ante la Corte Internacional de Justicia en la que pide al tribunal validar legalmente el laudo arbitral de 1899 que le da control absoluto sobre el territorio.<\/p>\n","protected":false},"excerpt":{"rendered":"<p>El presidente venezolano, Nicol\u00e1s Maduro, afirm\u00f3 este mi\u00e9rcoles que su pa\u00eds tomar\u00e1 acciones para detener la explotaci\u00f3n petrolera \u00abilegal\u00bb, por<\/p>\n","protected":false},"author":4,"featured_media":58152,"comment_status":"closed","ping_status":"closed","sticky":false,"template":"","format":"standard","meta":{"colormag_page_container_layout":"default_layout","colormag_page_sidebar_layout":"default_layout","_jetpack_memberships_contains_paid_content":false,"footnotes":"","jetpack_publicize_message":"","jetpack_publicize_feature_enabled":true,"jetpack_social_post_already_shared":false,"jetpack_social_options":{"image_generator_settings":{"template":"highway","default_image_id":0,"font":"","enabled":false},"version":2}},"categories":[28],"tags":[],"class_list":["post-58151","post","type-post","status-publish","format-standard","has-post-thumbnail","hentry","category-internacional"],"jetpack_publicize_connections":[],"jetpack_featured_media_url":"https:\/\/i0.wp.com\/politicosaldesnudo.com.mx\/wp-content\/uploads\/2025\/03\/OIUL.jpg?fit=707%2C413&ssl=1","jetpack-related-posts":[],"jetpack_sharing_enabled":true,"_links":{"self":[{"href":"https:\/\/politicosaldesnudo.com.mx\/index.php\/wp-json\/wp\/v2\/posts\/58151","targetHints":{"allow":["GET"]}}],"collection":[{"href":"https:\/\/politicosaldesnudo.com.mx\/index.php\/wp-json\/wp\/v2\/posts"}],"about":[{"href":"https:\/\/politicosaldesnudo.com.mx\/index.php\/wp-json\/wp\/v2\/types\/post"}],"author":[{"embeddable":true,"href":"https:\/\/politicosaldesnudo.com.mx\/index.php\/wp-json\/wp\/v2\/users\/4"}],"replies":[{"embeddable":true,"href":"https:\/\/politicosaldesnudo.com.mx\/index.php\/wp-json\/wp\/v2\/comments?post=58151"}],"version-history":[{"count":0,"href":"https:\/\/politicosaldesnudo.com.mx\/index.php\/wp-json\/wp\/v2\/posts\/58151\/revisions"}],"wp:featuredmedia":[{"embeddable":true,"href":"https:\/\/politicosaldesnudo.com.mx\/index.php\/wp-json\/wp\/v2\/media\/58152"}],"wp:attachment":[{"href":"https:\/\/politicosaldesnudo.com.mx\/index.php\/wp-json\/wp\/v2\/media?parent=58151"}],"wp:term":[{"taxonomy":"category","embeddable":true,"href":"https:\/\/politicosaldesnudo.com.mx\/index.php\/wp-json\/wp\/v2\/categories?post=58151"},{"taxonomy":"post_tag","embeddable":true,"href":"https:\/\/politicosaldesnudo.com.mx\/index.php\/wp-json\/wp\/v2\/tags?post=58151"}],"curies":[{"name":"wp","href":"https:\/\/api.w.org\/{rel}","templated":true}]}}