{"id":5819,"date":"2022-05-26T19:03:06","date_gmt":"2022-05-27T00:03:06","guid":{"rendered":"https:\/\/politicosaldesnudo.com.mx\/?p=5819"},"modified":"2022-05-26T19:03:06","modified_gmt":"2022-05-27T00:03:06","slug":"transparentar-la-informacion-financiera","status":"publish","type":"post","link":"https:\/\/politicosaldesnudo.com.mx\/index.php\/2022\/05\/26\/transparentar-la-informacion-financiera\/","title":{"rendered":"Transparentar la informaci\u00f3n financiera"},"content":{"rendered":"<p>&nbsp;<\/p>\n<p class=\"p4\"><strong><span style=\"font-size: 18pt;\">&lt;&lt; Los montos de las Deudas Estatal y Per Capita &gt;&gt;<\/span><\/strong><\/p>\n<p class=\"p3\"><strong><span style=\"font-size: 18pt;\">&lt;&lt; Veracruz ocupa el quinto lugar a nivel nacional &gt;&gt;<\/span><\/strong><\/p>\n<p class=\"p3\"><strong><span style=\"font-size: 18pt;\">&lt;&lt; Propone el gobernador reformas al C\u00f3digo &gt;&gt;<\/span><\/strong><\/p>\n<p>&nbsp;<\/p>\n<p>&nbsp;<\/p>\n<p class=\"p5\"><strong><span style=\"font-size: 18pt;\">Por Miguel \u00c1ngel Cristiani Gonz\u00e1lez<\/span><\/strong><\/p>\n<p class=\"p6\"><span style=\"font-size: 14pt;\">Platicando con un amigo economista, me dec\u00eda que se deber\u00edan de tratar de publicar m\u00e1s informaci\u00f3n en los medios respecto al tema de los asuntos financieros, porque a veces en la letra peque\u00f1a de los contratos aparece lo que realmente es una noticia.<\/span><\/p>\n<p class=\"p6\"><span style=\"font-size: 14pt;\">Porque adem\u00e1s las instituciones y dependencias del gobierno que est\u00e1n obligadas por ley a presentar y hacer p\u00fablicos sus informes, no est\u00e1n cumpliendo.<\/span><\/p>\n<p class=\"p6\"><span style=\"font-size: 14pt;\">Se recurre a decenas de trampas, para no publicar la informaci\u00f3n que deber\u00eda de ser transparente.<\/span><\/p>\n<p class=\"p6\"><span style=\"font-size: 14pt;\">Cuando se publican las p\u00e1ginas de transparencia, no est\u00e1n actualizadas o simplemente ponen un link que no abre ning\u00fan sitio.<\/span><\/p>\n<p class=\"p6\"><span style=\"font-size: 18pt;\"><strong>Para quienes no somos economistas, resulta interesante el conocer por ejemplo que la Deuda P\u00fablica del Estado de Veracruz era hasta el a\u00f1o pasado del 2021 de $46,446.<\/strong><\/span><\/p>\n<p>&nbsp;<\/p>\n<p><img data-recalc-dims=\"1\" loading=\"lazy\" decoding=\"async\" class=\"aligncenter wp-image-5820 size-large\" src=\"https:\/\/i0.wp.com\/politicosaldesnudo.com.mx\/wp-content\/uploads\/2022\/05\/P-DEUDA-1024x573.png?resize=800%2C448&#038;ssl=1\" alt=\"\" width=\"800\" height=\"448\" srcset=\"https:\/\/i0.wp.com\/politicosaldesnudo.com.mx\/wp-content\/uploads\/2022\/05\/P-DEUDA.png?resize=1024%2C573&amp;ssl=1 1024w, https:\/\/i0.wp.com\/politicosaldesnudo.com.mx\/wp-content\/uploads\/2022\/05\/P-DEUDA.png?resize=300%2C168&amp;ssl=1 300w, https:\/\/i0.wp.com\/politicosaldesnudo.com.mx\/wp-content\/uploads\/2022\/05\/P-DEUDA.png?resize=768%2C430&amp;ssl=1 768w, https:\/\/i0.wp.com\/politicosaldesnudo.com.mx\/wp-content\/uploads\/2022\/05\/P-DEUDA.png?resize=1536%2C859&amp;ssl=1 1536w, https:\/\/i0.wp.com\/politicosaldesnudo.com.mx\/wp-content\/uploads\/2022\/05\/P-DEUDA.png?w=1816&amp;ssl=1 1816w, https:\/\/i0.wp.com\/politicosaldesnudo.com.mx\/wp-content\/uploads\/2022\/05\/P-DEUDA.png?w=1600&amp;ssl=1 1600w\" sizes=\"auto, (max-width: 800px) 100vw, 800px\" \/><\/p>\n<p>&nbsp;<\/p>\n<p class=\"p6\"><span style=\"font-size: 18pt;\"><strong>De acuerdo con los datos de la Secretar\u00eda de Hacienda, Veracruz ocupa el quinto lugar en el ranking de la deuda p\u00fablica a nivel nacional, despu\u00e9s de la Ciudad de M\u00e9xico, Nuevo Le\u00f3n, Estado de M\u00e9xico y Chihuahua.<\/strong><\/span><\/p>\n<p class=\"p6\"><span style=\"font-size: 18pt;\"><strong>En el a\u00f1o 2019, el monto de la deuda p\u00fablica estatal era de 47,233; para el siguiente a\u00f1o se baj\u00f3 a 45,788, pero para el a\u00f1o 2021 volvi\u00f3 a subir a 46,446.<\/strong><\/span><\/p>\n<p class=\"p6\"><span style=\"font-size: 18pt;\"><strong>Lo anterior significa tambi\u00e9n que la Deuda P\u00fablica Per Capita era en el a\u00f1o 2019 de 5,827 por cabeza, en el 2020 baj\u00f3 a 5,479 y para el a\u00f1o pasado and\u00e1bamos por los 5,698 pesos, que de todas maneras se ubica por arriba de la media nacional que era de 5,172 pesucos.<\/strong><\/span><\/p>\n<p class=\"p6\"><span style=\"font-size: 14pt;\">Respeto al tema de la transparencia de la informaci\u00f3n financiera en el estado de Veracruz hay que apuntar que por eso es muy importante la iniciativa que envi\u00f3 el gobernador del Estado al Congreso para reformar el C\u00f3digo Financiero en vigor.<\/span><\/p>\n<p class=\"p6\"><span style=\"font-size: 14pt;\">Dichas reformas al C\u00f3digo tienen como finalidad el contar con los criterios generales que regir\u00e1n la contabilidad en el Gobierno del Estado y la emisi\u00f3n de informaci\u00f3n financiera de los entes p\u00fablicos.<\/span><\/p>\n<p class=\"p6\"><span style=\"font-size: 14pt;\">Otra de las cuestiones es que se busca que los ordenamientos locales en la materia, sean homologados a las reformas emitidas por el Congreso de la Uni\u00f3n relativas a la disciplina financiera, transparencia y rendici\u00f3n de cuentas.<\/span><\/p>\n<p class=\"p6\"><span style=\"font-size: 14pt;\">Se reformar\u00eda el citado C\u00f3digo para dar cumplimiento a la responsabilidad de las personas titulares de las unidades administrativas de las dependencias, informar a la autoridad competente y la sociedad en general sobre las acciones del gobierno en relaci\u00f3n al gasto y destino de los recursos p\u00fablicos para publicitarlos y transparentarlos ante la ciudadan\u00eda.<\/span><\/p>\n<p class=\"p6\"><span style=\"font-size: 14pt;\">Asimismo, ante la responsabilidad que conlleva la concentraci\u00f3n, revisi\u00f3n y presentaci\u00f3n de los informes correspondientes, se propone ampliar el plazo establecido a 30 d\u00edas, lo que permitir\u00e1 que la Secretar\u00eda de Finanzas y Planeaci\u00f3n (Sefiplan), el Poder Judicial y los Organismos Aut\u00f3nomos, presenten a esa Soberan\u00eda los informes trimestrales de sus correspondientes gastos con calidad, precisi\u00f3n y objetividad.<\/span><\/p>\n<p class=\"p6\"><span style=\"font-size: 14pt;\">Debido a que en la Ley General de Contabilidad Gubernamental y en el C\u00f3digo Financiero para el Estado de Veracruz, se establecen obligaciones semejantes en la informaci\u00f3n contable para dependencias y entidades de la Administraci\u00f3n P\u00fablica Estatal, se considera necesario modificarlas para que \u00e9stas presenten los informes que efectivamente les corresponden y que \u00e9stos contribuyan a optimizar el tiempo y los recursos humanos y materiales que permitan dar cumplimiento a las disposiciones normativas aplicables.<\/span><\/p>\n<p class=\"p6\"><span style=\"font-size: 18pt;\"><strong>Como dir\u00eda Pancho L\u00f3pez el fil\u00f3sofo ateniense xalape\u00f1o, ahora falta que luego de que se aprueben esos cambios, los entes responsables cumplan con lo establecido en el C\u00f3digo Financiero, para que no quede en simples documentos que nunca nadie puede consultar.<\/strong><\/span><\/p>\n<p>&nbsp;<\/p>\n<p>&nbsp;<\/p>\n<p class=\"p6\"><span style=\"font-size: 18pt;\"><strong>Cont\u00e1ctanos en nuestras redes sociales:<\/strong><\/span><\/p>\n<p class=\"p7\"><span style=\"font-size: 18pt;\"><strong><span class=\"s1\"><a href=\"https:\/\/www.canva.com\/design\/DAEN5B9DWgs\/ZCHd2Z8KueYjlg_d59Op3A\/view\">https:\/\/www.canva.com\/design\/DAEN5B9DWgs\/ZCHd2Z8KueYjlg_d59Op3A\/view<\/a><\/span><\/strong><\/span><\/p>\n<p>&nbsp;<\/p>\n<p>&nbsp;<\/p>\n<p>&nbsp;<\/p>\n<p>&nbsp;<\/p>\n<p class=\"p6\">\n","protected":false},"excerpt":{"rendered":"<p>&nbsp; &lt;&lt; Los montos de las Deudas Estatal y Per Capita &gt;&gt; &lt;&lt; Veracruz ocupa el quinto lugar a nivel<\/p>\n","protected":false},"author":4,"featured_media":3789,"comment_status":"closed","ping_status":"closed","sticky":false,"template":"","format":"standard","meta":{"colormag_page_container_layout":"default_layout","colormag_page_sidebar_layout":"default_layout","_jetpack_memberships_contains_paid_content":false,"footnotes":"","jetpack_publicize_message":"","jetpack_publicize_feature_enabled":true,"jetpack_social_post_already_shared":true,"jetpack_social_options":{"image_generator_settings":{"template":"highway","default_image_id":0,"font":"","enabled":false},"version":2}},"categories":[26],"tags":[847,100],"class_list":["post-5819","post","type-post","status-publish","format-standard","has-post-thumbnail","hentry","category-columnistas","tag-deuda","tag-veracruz"],"jetpack_publicize_connections":[],"jetpack_featured_media_url":"https:\/\/i0.wp.com\/politicosaldesnudo.com.mx\/wp-content\/uploads\/2022\/04\/CRISTIANI.png?fit=1816%2C1016&ssl=1","jetpack-related-posts":[],"jetpack_sharing_enabled":true,"_links":{"self":[{"href":"https:\/\/politicosaldesnudo.com.mx\/index.php\/wp-json\/wp\/v2\/posts\/5819","targetHints":{"allow":["GET"]}}],"collection":[{"href":"https:\/\/politicosaldesnudo.com.mx\/index.php\/wp-json\/wp\/v2\/posts"}],"about":[{"href":"https:\/\/politicosaldesnudo.com.mx\/index.php\/wp-json\/wp\/v2\/types\/post"}],"author":[{"embeddable":true,"href":"https:\/\/politicosaldesnudo.com.mx\/index.php\/wp-json\/wp\/v2\/users\/4"}],"replies":[{"embeddable":true,"href":"https:\/\/politicosaldesnudo.com.mx\/index.php\/wp-json\/wp\/v2\/comments?post=5819"}],"version-history":[{"count":0,"href":"https:\/\/politicosaldesnudo.com.mx\/index.php\/wp-json\/wp\/v2\/posts\/5819\/revisions"}],"wp:featuredmedia":[{"embeddable":true,"href":"https:\/\/politicosaldesnudo.com.mx\/index.php\/wp-json\/wp\/v2\/media\/3789"}],"wp:attachment":[{"href":"https:\/\/politicosaldesnudo.com.mx\/index.php\/wp-json\/wp\/v2\/media?parent=5819"}],"wp:term":[{"taxonomy":"category","embeddable":true,"href":"https:\/\/politicosaldesnudo.com.mx\/index.php\/wp-json\/wp\/v2\/categories?post=5819"},{"taxonomy":"post_tag","embeddable":true,"href":"https:\/\/politicosaldesnudo.com.mx\/index.php\/wp-json\/wp\/v2\/tags?post=5819"}],"curies":[{"name":"wp","href":"https:\/\/api.w.org\/{rel}","templated":true}]}}