{"id":58222,"date":"2025-03-07T00:14:16","date_gmt":"2025-03-07T06:14:16","guid":{"rendered":"https:\/\/politicosaldesnudo.com.mx\/?p=58222"},"modified":"2025-03-06T22:00:22","modified_gmt":"2025-03-07T04:00:22","slug":"anuncian-examenes-de-control-de-confianza-para-policias-de-rosarito-bc","status":"publish","type":"post","link":"https:\/\/politicosaldesnudo.com.mx\/index.php\/2025\/03\/07\/anuncian-examenes-de-control-de-confianza-para-policias-de-rosarito-bc\/","title":{"rendered":"Anuncian ex\u00e1menes de control de confianza para polic\u00edas de Rosarito, BC"},"content":{"rendered":"<div id=\"article-content-tts\" class=\"nota-contenido mb-5\">\n<div id=\"content_nitf\">\n<p>El ayuntamiento de Rosarito, encabezado por la alcaldesa Roc\u00edo Adame, anunci\u00f3 que todos sus elementos activos ser\u00e1n sometidos a ex\u00e1menes de control y confianza durante la pr\u00f3xima semana.<\/p>\n<p>\u201cLa totalidad del estado de fuerza de la Polic\u00eda Municipal, tanto activa como Polic\u00eda Comercial, ser\u00e1 sometida a la evaluaci\u00f3n en el Centro de Control y Confianza (C3), con el objetivo de validar los ex\u00e1menes de control y confianza que exige la normatividad vigente\u00bb.<\/p>\n<p>De acuerdo con el ayuntamiento, el proceso se realizar\u00e1 en colaboraci\u00f3n con la Fuerza Estatal de Seguridad Ciudadana (FESC), quienes estar\u00e1n a cargo de las tareas de seguridad en el municipio, aunque no se especific\u00f3 si tendr\u00e1n el apoyo de la Guardia Nacional y el Ej\u00e9rcito Mexicano, como ocurri\u00f3 cuando los elementos de seguridad fueron evaluados de manera similar en el municipio de Tecate, as\u00ed como en el Valle de Mexicali.<\/p>\n<p>Playas de Rosarito \u00abestima que el proceso concluya en aproximadamente una semana, abarcando a la totalidad del cuerpo policiaco, aun cuando se encuentren asignados a distintas comisiones o labores operativas\u00bb.<\/p>\n<\/div>\n<\/div>\n<div class=\"notas-relacionadas\"><\/div>\n<div class=\"nota-tags\"><\/div>\n","protected":false},"excerpt":{"rendered":"<p>El ayuntamiento de Rosarito, encabezado por la alcaldesa Roc\u00edo Adame, anunci\u00f3 que todos sus elementos activos ser\u00e1n sometidos a ex\u00e1menes<\/p>\n","protected":false},"author":4,"featured_media":58223,"comment_status":"closed","ping_status":"closed","sticky":false,"template":"","format":"standard","meta":{"colormag_page_container_layout":"default_layout","colormag_page_sidebar_layout":"default_layout","_jetpack_memberships_contains_paid_content":false,"footnotes":"","jetpack_publicize_message":"","jetpack_publicize_feature_enabled":true,"jetpack_social_post_already_shared":false,"jetpack_social_options":{"image_generator_settings":{"template":"highway","default_image_id":0,"font":"","enabled":false},"version":2}},"categories":[30],"tags":[],"class_list":["post-58222","post","type-post","status-publish","format-standard","has-post-thumbnail","hentry","category-estados"],"jetpack_publicize_connections":[],"jetpack_featured_media_url":"https:\/\/i0.wp.com\/politicosaldesnudo.com.mx\/wp-content\/uploads\/2025\/03\/R.jpg?fit=404%2C305&ssl=1","jetpack-related-posts":[],"jetpack_sharing_enabled":true,"_links":{"self":[{"href":"https:\/\/politicosaldesnudo.com.mx\/index.php\/wp-json\/wp\/v2\/posts\/58222","targetHints":{"allow":["GET"]}}],"collection":[{"href":"https:\/\/politicosaldesnudo.com.mx\/index.php\/wp-json\/wp\/v2\/posts"}],"about":[{"href":"https:\/\/politicosaldesnudo.com.mx\/index.php\/wp-json\/wp\/v2\/types\/post"}],"author":[{"embeddable":true,"href":"https:\/\/politicosaldesnudo.com.mx\/index.php\/wp-json\/wp\/v2\/users\/4"}],"replies":[{"embeddable":true,"href":"https:\/\/politicosaldesnudo.com.mx\/index.php\/wp-json\/wp\/v2\/comments?post=58222"}],"version-history":[{"count":0,"href":"https:\/\/politicosaldesnudo.com.mx\/index.php\/wp-json\/wp\/v2\/posts\/58222\/revisions"}],"wp:featuredmedia":[{"embeddable":true,"href":"https:\/\/politicosaldesnudo.com.mx\/index.php\/wp-json\/wp\/v2\/media\/58223"}],"wp:attachment":[{"href":"https:\/\/politicosaldesnudo.com.mx\/index.php\/wp-json\/wp\/v2\/media?parent=58222"}],"wp:term":[{"taxonomy":"category","embeddable":true,"href":"https:\/\/politicosaldesnudo.com.mx\/index.php\/wp-json\/wp\/v2\/categories?post=58222"},{"taxonomy":"post_tag","embeddable":true,"href":"https:\/\/politicosaldesnudo.com.mx\/index.php\/wp-json\/wp\/v2\/tags?post=58222"}],"curies":[{"name":"wp","href":"https:\/\/api.w.org\/{rel}","templated":true}]}}