{"id":58238,"date":"2025-03-07T00:19:26","date_gmt":"2025-03-07T06:19:26","guid":{"rendered":"https:\/\/politicosaldesnudo.com.mx\/?p=58238"},"modified":"2025-03-06T22:37:55","modified_gmt":"2025-03-07T04:37:55","slug":"sheinbaum-una-mujer-maravillosa-dice-trump-en-firma-para-aplazar-aranceles","status":"publish","type":"post","link":"https:\/\/politicosaldesnudo.com.mx\/index.php\/2025\/03\/07\/sheinbaum-una-mujer-maravillosa-dice-trump-en-firma-para-aplazar-aranceles\/","title":{"rendered":"Sheinbaum, una \u201cmujer maravillosa\u201d, dice Trump en firma para aplazar aranceles"},"content":{"rendered":"<p class=\"nota-justify\">El presidente de Estados Unidos, Donald Trump, calific\u00f3 a su hom\u00f3loga de M\u00e9xico, Claudia Sheinbaum, como \u201cuna mujer maravillosa\u201d, luego de firmar las \u00f3rdenes ejecutivas para posponer por un mes los aranceles a importaciones de M\u00e9xico y Canad\u00e1 dentro del T-MEC.<\/p>\n<p class=\"nota-justify\">Desde la Oficina Oval de la Casa Blanca, Trump declar\u00f3 que la mayor\u00eda de los aranceles a distintas naciones entrar\u00e1n en vigor hacia el 2 de abril.<\/p>\n<p class=\"nota-justify\">\u201cEn este momento, tenemos algunos aranceles temporales y otros peque\u00f1os, o relativamente peque\u00f1os, aunque hay mucho dinero que involucra a M\u00e9xico y Canad\u00e1. Pero los aranceles predominantes tendr\u00e1n naturaleza rec\u00edproca\u201d, afirm\u00f3.<\/p>\n<p class=\"nota-justify\">Lo ha hecho \u00abpara proteger a los fabricantes de autom\u00f3viles y a los agricultores estadunidenses\u00bb, explic\u00f3 al firmar los dos decretos que modifican los grav\u00e1menes.<\/p>\n<p class=\"nota-justify\">B\u00e1sicamente, \u00abexcluir\u00e1 de los aranceles existentes a los productos\u00bb contemplados en el Tratado de Libre Comercio de Am\u00e9rica del Norte (T-MEC).<\/p>\n<p class=\"nota-justify\">Seg\u00fan un funcionario estadunidense, m\u00e1s del 50% de los productos mexicanos y el 38% de los canadienses entraron en 2024 en Estados Unidos bajo ese tratado.<\/p>\n<p>La exenci\u00f3n se aplicar\u00e1, dijo, \u00abhasta el 2 de abril\u00bb, cuando entran en vigor los llamados aranceles \u00abrec\u00edprocos\u00bb, que consisten en imponer a cada pa\u00eds el mismo nivel de tarifas aduaneras que estos aplican a los productos estadunidenses.<\/p>\n","protected":false},"excerpt":{"rendered":"<p>El presidente de Estados Unidos, Donald Trump, calific\u00f3 a su hom\u00f3loga de M\u00e9xico, Claudia Sheinbaum, como \u201cuna mujer maravillosa\u201d, luego<\/p>\n","protected":false},"author":4,"featured_media":58239,"comment_status":"closed","ping_status":"closed","sticky":false,"template":"","format":"standard","meta":{"colormag_page_container_layout":"default_layout","colormag_page_sidebar_layout":"default_layout","_jetpack_memberships_contains_paid_content":false,"footnotes":"","jetpack_publicize_message":"","jetpack_publicize_feature_enabled":true,"jetpack_social_post_already_shared":false,"jetpack_social_options":{"image_generator_settings":{"template":"highway","default_image_id":0,"font":"","enabled":false},"version":2}},"categories":[28],"tags":[],"class_list":["post-58238","post","type-post","status-publish","format-standard","has-post-thumbnail","hentry","category-internacional"],"jetpack_publicize_connections":[],"jetpack_featured_media_url":"https:\/\/i0.wp.com\/politicosaldesnudo.com.mx\/wp-content\/uploads\/2025\/03\/llama-trump-a-sheinbaum-mujer-maravillosa-durante-firma-para-acotar-aranceles_d26b62a9-1b83-4bfb-bd9a-10721f8a63d3_mediarawimagetrue.jpg?fit=1820%2C1213&ssl=1","jetpack-related-posts":[],"jetpack_sharing_enabled":true,"_links":{"self":[{"href":"https:\/\/politicosaldesnudo.com.mx\/index.php\/wp-json\/wp\/v2\/posts\/58238","targetHints":{"allow":["GET"]}}],"collection":[{"href":"https:\/\/politicosaldesnudo.com.mx\/index.php\/wp-json\/wp\/v2\/posts"}],"about":[{"href":"https:\/\/politicosaldesnudo.com.mx\/index.php\/wp-json\/wp\/v2\/types\/post"}],"author":[{"embeddable":true,"href":"https:\/\/politicosaldesnudo.com.mx\/index.php\/wp-json\/wp\/v2\/users\/4"}],"replies":[{"embeddable":true,"href":"https:\/\/politicosaldesnudo.com.mx\/index.php\/wp-json\/wp\/v2\/comments?post=58238"}],"version-history":[{"count":0,"href":"https:\/\/politicosaldesnudo.com.mx\/index.php\/wp-json\/wp\/v2\/posts\/58238\/revisions"}],"wp:featuredmedia":[{"embeddable":true,"href":"https:\/\/politicosaldesnudo.com.mx\/index.php\/wp-json\/wp\/v2\/media\/58239"}],"wp:attachment":[{"href":"https:\/\/politicosaldesnudo.com.mx\/index.php\/wp-json\/wp\/v2\/media?parent=58238"}],"wp:term":[{"taxonomy":"category","embeddable":true,"href":"https:\/\/politicosaldesnudo.com.mx\/index.php\/wp-json\/wp\/v2\/categories?post=58238"},{"taxonomy":"post_tag","embeddable":true,"href":"https:\/\/politicosaldesnudo.com.mx\/index.php\/wp-json\/wp\/v2\/tags?post=58238"}],"curies":[{"name":"wp","href":"https:\/\/api.w.org\/{rel}","templated":true}]}}