{"id":58241,"date":"2025-03-07T00:20:21","date_gmt":"2025-03-07T06:20:21","guid":{"rendered":"https:\/\/politicosaldesnudo.com.mx\/?p=58241"},"modified":"2025-03-06T22:40:23","modified_gmt":"2025-03-07T04:40:23","slug":"putin-acusa-a-macron-de-ser-un-napoleon-bonaparte-o-hitler","status":"publish","type":"post","link":"https:\/\/politicosaldesnudo.com.mx\/index.php\/2025\/03\/07\/putin-acusa-a-macron-de-ser-un-napoleon-bonaparte-o-hitler\/","title":{"rendered":"Putin acusa a Macron de ser un Napole\u00f3n Bonaparte o Hitler"},"content":{"rendered":"<p>Rusia arremeti\u00f3 este jueves contra el presidente franc\u00e9s, Emmanuel Macron, cuya propuesta de proteger Europa con el paraguas nuclear de su pa\u00eds ante lo que llam\u00f3 \u201camenaza rusa\u201d, mereci\u00f3 que tanto el presidente Vladimir Putin como el canciller Serguei Lavrov lo compararan con Napole\u00f3n Bonaparte y Adolfo Hitler, que fracasaron al entrar en guerra con el imperio zarista, el primero, y la Uni\u00f3n Sovi\u00e9tica, el segundo.<\/p>\n<p class=\"nota-justify\">\u201cEs de lamentar que haya todav\u00eda gente (en alusi\u00f3n a Macron) que quiera volver a los tiempos de Napole\u00f3n, olvidando como acab\u00f3 todo\u201d, coment\u00f3 Putin, de acuerdo con un fragmento de los noticiarios nocturnos de la televisi\u00f3n p\u00fablica, poco despu\u00e9s de que Lavrov, en rueda de prensa, traz\u00f3 un paralelismo entre el presidente franc\u00e9s y Napole\u00f3n y Hitler, que acabaron derrotados al invadir la tierra rusa.<\/p>\n<p class=\"nota-justify\">Para Lavrov, la iniciativa de Macron es \u201cuna amenaza para Rusia\u201d porque el mandatario franc\u00e9s \u201cdice que es necesario recurrir a las armas nucleares y prepararse para usarlas contra Rusia. Esto, l\u00f3gicamente, es una amenaza\u201d.<\/p>\n<p class=\"nota-justify\">Agreg\u00f3: \u201cY en cuanto a las francamente est\u00fapidas acusaciones de que Rusia prepara una guerra contra Francia y Europa, nuestro presidente (Vladimir Putin) ya ha dicho en varias ocasiones que esos inculpaciones no son sino sandeces sin sentido\u201d.<\/p>\n<p class=\"nota-justify\">Rusia cree que la iniciativa de paz, que est\u00e1n dise\u00f1ando Macron y el primer ministro brit\u00e1nico, Keir Starmer, s\u00f3lo pretende emplazar sus tropas en Ucrania bajo el pretexto de garantizar que se cumpla el alto el fuego en el aire y mar, as\u00ed como durante la moratoria de ataques a instalaciones energ\u00e9ticas.<\/p>\n<p class=\"nota-justify\">\u201cNo podemos permitirlo. Eso equivaldr\u00eda a una participaci\u00f3n ya no h\u00edbrida, sino abierta, no disimulada y oficial de pa\u00edses de la OTAN (Organizaci\u00f3n del Tratado del Atl\u00e1ntico Norte) en la guerra contra Rusia\u201d, enfatiz\u00f3 Lavrov.<\/p>\n<p class=\"nota-justify\">Y advirti\u00f3 el canciller ruso que \u201cen este asunto no cabe ninguna concesi\u00f3n, para nosotros soldados franceses, brit\u00e1nicos o de otros pa\u00edses europeos ser\u00e1n vistos como tropas de la OTAN en Ucrania y, desde luego, no nos quedaremos cruzados de brazos\u201d.<\/p>\n<p class=\"nota-justify\">El jefe de la diplomacia rusa dijo que no se sorprende de que \u201cen algunos pa\u00edses de Europa, que tambi\u00e9n son miembros de la OTAN, est\u00e1n convencidos de que Macron, con tal de recomponer su imagen, irremediablemente pisoteada dentro de Francia, puede llegar a proponer medidas absolutamente insensatas\u201d.<\/p>\n<p class=\"nota-justify\">Por la noche, el ministerio ruso de Relaciones Exteriores, mediante un documento, difundido desde su p\u00e1gina\u00a0<i>web<\/i>, que fija la posici\u00f3n oficial de Rusia, acus\u00f3 a Macron de pronunciar un \u201cdiscurso extremadamente agresivo\u201d, que no se corresponde con los postulados tradicionales de la diplomacia francesa, en el cual \u2013sostiene\u2013 practica \u201cchantaje nuclear\u201d y \u201cexhibe sus ambiciones\u201d de convertirse en \u201cpatr\u00f3n nuclear de Europa\u201d al ofrecer su arsenal at\u00f3mico casi \u201ccomo si pudiera sustituir el escudo estadunidense\u201d.<\/p>\n<p class=\"nota-justify\">Recuerda que \u201cFrancia tiene un total de 56 portadores de armas nucleares, en tanto EU cuenta con 898. La potencia conjunta del componente nuclear del ej\u00e9rcito franc\u00e9s es de 67,2 megavatios frente a los mil 814 megavatios estadunidenses\u201d.<\/p>\n<p class=\"nota-justify\">Y remata: \u201cHuelga decir que esto no conducir\u00e1 a robustecer la seguridad ni de la propia Francia ni la de sus aliados\u201d.<\/p>\n<p class=\"nota-justify\">Reitera que para Rusia es \u201cinadmisible\u201d la presencia de tropas de paz extranjeras en Ucrania y ello provocar\u00eda \u201cinevitablemente una escalada de sumo peligrosa\u201d, la cual no quedar\u00eda sin respuesta.<\/p>\n<p class=\"nota-justify\">La propuesta de Macron \u201cquita definitivamente las m\u00e1scaras y muestra quien lidera el partido de la guerra; quien, en realidad, aboga contra el alto el fuego y apuesta por continuar el conflicto ucranio, por su subsiguiente escalada\u201d, concluye la canciller\u00eda rusa.<\/p>\n","protected":false},"excerpt":{"rendered":"<p>Rusia arremeti\u00f3 este jueves contra el presidente franc\u00e9s, Emmanuel Macron, cuya propuesta de proteger Europa con el paraguas nuclear de<\/p>\n","protected":false},"author":4,"featured_media":58242,"comment_status":"closed","ping_status":"closed","sticky":false,"template":"","format":"standard","meta":{"colormag_page_container_layout":"default_layout","colormag_page_sidebar_layout":"default_layout","_jetpack_memberships_contains_paid_content":false,"footnotes":"","jetpack_publicize_message":"","jetpack_publicize_feature_enabled":true,"jetpack_social_post_already_shared":false,"jetpack_social_options":{"image_generator_settings":{"template":"highway","default_image_id":0,"font":"","enabled":false},"version":2}},"categories":[28],"tags":[],"class_list":["post-58241","post","type-post","status-publish","format-standard","has-post-thumbnail","hentry","category-internacional"],"jetpack_publicize_connections":[],"jetpack_featured_media_url":"https:\/\/i0.wp.com\/politicosaldesnudo.com.mx\/wp-content\/uploads\/2025\/03\/P-1.jpg?fit=733%2C476&ssl=1","jetpack-related-posts":[],"jetpack_sharing_enabled":true,"_links":{"self":[{"href":"https:\/\/politicosaldesnudo.com.mx\/index.php\/wp-json\/wp\/v2\/posts\/58241","targetHints":{"allow":["GET"]}}],"collection":[{"href":"https:\/\/politicosaldesnudo.com.mx\/index.php\/wp-json\/wp\/v2\/posts"}],"about":[{"href":"https:\/\/politicosaldesnudo.com.mx\/index.php\/wp-json\/wp\/v2\/types\/post"}],"author":[{"embeddable":true,"href":"https:\/\/politicosaldesnudo.com.mx\/index.php\/wp-json\/wp\/v2\/users\/4"}],"replies":[{"embeddable":true,"href":"https:\/\/politicosaldesnudo.com.mx\/index.php\/wp-json\/wp\/v2\/comments?post=58241"}],"version-history":[{"count":0,"href":"https:\/\/politicosaldesnudo.com.mx\/index.php\/wp-json\/wp\/v2\/posts\/58241\/revisions"}],"wp:featuredmedia":[{"embeddable":true,"href":"https:\/\/politicosaldesnudo.com.mx\/index.php\/wp-json\/wp\/v2\/media\/58242"}],"wp:attachment":[{"href":"https:\/\/politicosaldesnudo.com.mx\/index.php\/wp-json\/wp\/v2\/media?parent=58241"}],"wp:term":[{"taxonomy":"category","embeddable":true,"href":"https:\/\/politicosaldesnudo.com.mx\/index.php\/wp-json\/wp\/v2\/categories?post=58241"},{"taxonomy":"post_tag","embeddable":true,"href":"https:\/\/politicosaldesnudo.com.mx\/index.php\/wp-json\/wp\/v2\/tags?post=58241"}],"curies":[{"name":"wp","href":"https:\/\/api.w.org\/{rel}","templated":true}]}}