{"id":58257,"date":"2025-03-07T02:00:55","date_gmt":"2025-03-07T08:00:55","guid":{"rendered":"https:\/\/politicosaldesnudo.com.mx\/?p=58257"},"modified":"2025-03-07T02:00:55","modified_gmt":"2025-03-07T08:00:55","slug":"la-pobre-poza-rica-2","status":"publish","type":"post","link":"https:\/\/politicosaldesnudo.com.mx\/index.php\/2025\/03\/07\/la-pobre-poza-rica-2\/","title":{"rendered":"La pobre Poza Rica"},"content":{"rendered":"<p><span style=\"font-size: 14pt;\"><strong>ALMA GRANDE<\/strong><\/span><\/p>\n<p><span style=\"font-size: 14pt;\"><strong>Por \u00c1ngel \u00c1lvaro Pe\u00f1a<\/strong><\/span><\/p>\n<p><span style=\"font-size: 14pt;\">Poza Rica est\u00e1 en plena efervescencia al conocer a la ganadora de la encuesta de Morena para la candidatura a la presidencia municipal.<\/span><\/p>\n<p><span style=\"font-size: 14pt;\"><strong>Janeth Adanely Rodr\u00edguez Rodr\u00edguez<\/strong>, surge como una alternativa de continuidad a las corruptelas de su antecesor y sus c\u00f3mplices de la anterior administraci\u00f3n.<\/span><\/p>\n<p><span style=\"font-size: 14pt;\">Luego de un periodo de tres a\u00f1os pr\u00e1cticamente perdidos en cuanto a desarrollo y seguridad, las miradas se dirigen hacia la morenista\u00a0<strong>Janeth Adanely Rodr\u00edguez Rodr\u00edguez<\/strong><strong>,\u00a0<\/strong>actual diputada local plurinominal por el Distrito V de Poza Rica en el Congreso del Estado. Lugar al que nadie sabe las razones para llegar a esos cargos que desde entonces el ascenso ha sido su destino. Desde luego hay interpretaciones y rumores que no la colocan bien en el \u00e1mbito meramente pol\u00edtico.<\/span><\/p>\n<p><span style=\"font-size: 14pt;\">En realidad, se trata de una mujer sorpresa dentro y fuera de la administraci\u00f3n p\u00fablica de este municipio, porque al colocarla en la lista de plurinominales no se pens\u00f3 que alcanzar\u00eda una curul, fue de las \u00faltimas, pero estaba destinada a hacerle el juego sucio a sus compa\u00f1eros.<\/span><\/p>\n<p><span style=\"font-size: 14pt;\">Pr\u00e1cticamente salida de la nada, esos mismos medios ahora se encargaron de ofrecer poca informaci\u00f3n sobre el proceso de selecci\u00f3n interno de Morena, que acumul\u00f3 dudas y sorpresas como \u00e9sta alrededor de quien es la presidenta de la Comisi\u00f3n de Salud y Asistencia, secretaria de la Comisi\u00f3n de Participaci\u00f3n Ciudadana, Gestor\u00eda y Quejas, y vocal de otras dos comisiones, donde ha realizado un papel destacado.<\/span><\/p>\n<p><span style=\"font-size: 14pt;\">Teniendo cerca a su antecesor, a quien sirvi\u00f3 fielmente como encargada de Comunicaci\u00f3n Social, el ladr\u00f3n de autopartes Fernando Remes Garza, quien se dedicaba al robo de autopartes, junto con quien fuera\u00a0\u00a0competidor por la candidatura a la alcald\u00eda de Poza Rica, Jos\u00e9 Luis Lima Franco, ex titular de Finanzas del Gobierno de Cuitl\u00e1huac Garc\u00eda, donde todav\u00eda no encuentran las nuevas autoridades ni pies ni cabeza a los manejos de esta dependencia, donde tambi\u00e9n figuraba el primo inc\u00f3modo del ex gobernador Cuitl\u00e1huac Garc\u00eda Jim\u00e9nez, llamado Eleazar Guerrero P\u00e9rez.<\/span><\/p>\n<p><span style=\"font-size: 14pt;\">Aunque el favorito para la candidatura de Morena era Lima Franco, \u00e9ste traz\u00f3 con Remes Garza, un Plan B, donde la tarea de la pr\u00f3xima presidenta municipal, &#8212; funcionaria del mont\u00f3n, consentida de su antecesor&#8211;, tenga como prioridad cuidarle las espaldas a Remes y poder apoyar a Lima desde su posici\u00f3n de alcaldesa para ocultar las corruptelas en el gobierno estatal, que han sido se\u00f1aladas en algunos medios.<\/span><\/p>\n<p><span style=\"font-size: 14pt;\">As\u00ed, el rumor que se extiende asegura que la colocaron en esa posici\u00f3n con ma\u00f1a, tanto Remes como Lima, tienen una cola muy larga.<\/span><\/p>\n<p><span style=\"font-size: 14pt;\">As\u00ed, surge una fuerte sospecha sobre las verdaderas intenciones para que este personaje sea la sucesora de Remes, quien abri\u00f3 las puertas a la delincuencia organizada y fortaleci\u00f3 a la delincuencia autorizada dentro de su administraci\u00f3n p\u00fablica.<\/span><\/p>\n<p><span style=\"font-size: 14pt;\">Por otra parte, dada la fama del ex tesorero del estado, fue designado en un principio por la gobernadora Roc\u00edo Nahle, para repetir en la Secretar\u00eda de Finanzas, pero despu\u00e9s, al ver que su trabajo era un galimat\u00edas, prefiri\u00f3 caminar a su tierra natal para ver si era posible continuar con fuero.<\/span><\/p>\n<p><span style=\"font-size: 14pt;\">Las anomal\u00edas de Jos\u00e9 Luis Lima Franco, se ubican en el \u00e1rea del padr\u00f3n de \u201cproveedores y prestadores de servicios\u201d.<\/span><\/p>\n<p><span style=\"font-size: 14pt;\">Adem\u00e1s,\u00a0la corrupci\u00f3n del Gobierno de Veracruz, a cargo de Cuitl\u00e1huac Garc\u00eda Jim\u00e9nez, fue se\u00f1alada, por el diputado Marlon Ram\u00edrez Mar\u00edn, de desviar m\u00e1s de 1 mil 593 millones de pesos en una sola secretar\u00eda, destaca una cadena de servidores p\u00fablicos responsables que incumplieron sus obligaciones, todos ellos encabezados por el titular de la Secretar\u00eda de Finanzas y Planeaci\u00f3n, Jos\u00e9 Luis Lima Franco y Jorge Eduardo Sisniega Fern\u00e1ndez, director administrativo de los Servicios de Salud de Veracruz.<\/span><\/p>\n<p><span style=\"font-size: 14pt;\">Ambos funcionarios son se\u00f1alados dentro de la estrategia de corrupci\u00f3n basada en adjudicaciones de contratos dirigidas, beneficiando a empresas de \u201cnueva creaci\u00f3n\u201d, as\u00ed como a personas f\u00edsicas que trabajan o tienen familiares en el Gobierno de Veracruz, incluso j\u00f3venes que reciben programas sociales.<\/span><\/p>\n<p><span style=\"font-size: 14pt;\">Jos\u00e9 Luis Lima, permaneci\u00f3 desde el inicio del gobierno anterior en la SEFIPLAN; con secretarios de Salud como Jorge Eduardo Sisniega Fern\u00e1ndez, como director administrativo de los Servicios de Salud de Veracruz, con amplia responsabilidad dentro de esta red.<\/span><\/p>\n<p><span style=\"font-size: 14pt;\">La presidencia municipal de Poza Rica es cotizada, cuando le dieron a escoger a Remes entre una diputaci\u00f3n federal o la presidencia municipal prefiri\u00f3 ser alcalde, pero desde hace a\u00f1os la diputada Cecilia Guevara Guembe, quien traicion\u00f3 a Morena junto con su hijo, Fernando E. Guevara, subsecretario de Obra P\u00fablica en el sexenio del gobernador Jim\u00e9nez Garc\u00eda, para irse a la oposici\u00f3n, quieren ambos ser presidentes municipales, pero, han desaparecido por voluntad propia.<\/span><\/p>\n<p><span style=\"font-size: 14pt;\">Ni qu\u00e9 decir del ex beisbolista Fernando Remes, El Pulpo, quien hizo su carrera delictiva en Veracruz, pr\u00e1cticamente desde su llegada. Una vez terminada su carrera deportiva, don Alejo Peralta lo llev\u00f3 a Poza Rica a trabajar en uno de sus ranchos, el cual finalmente termin\u00f3 como due\u00f1o absoluto el beisbolista a trav\u00e9s de artima\u00f1as legaloides. Este fue uno de los primeros delitos que perpetr\u00f3 en la entidad, seguidos de otros por los que ha estado en la c\u00e1rcel.<\/span><\/p>\n<p><span style=\"font-size: 14pt;\">Como presidente municipal se distingui\u00f3 por su mal car\u00e1cter, el maltrato a sus subordinados, principalmente a las mujeres, hasta el grado de ser sentenciado a ofrecer una disculpa p\u00fablica a una mujer que agredi\u00f3 a trav\u00e9s del acoso sexual. Ahora necesita de una mujer c\u00f3mplice que le cuide las espaldas y le solape sus triqui\u00f1uelas.<\/span><\/p>\n<p><span style=\"font-size: 14pt;\">La simple intenci\u00f3n de relacionar a la candidata de Morena, con muchas posibilidades de ganar en las urnas, pese a la mala actuaci\u00f3n de Remes,\u00a0<strong>Janeth Adanely Rodr\u00edguez Rodr\u00edguez<\/strong><strong>,\u00a0<\/strong>seguramente sabr\u00e1 esconder las huellas del delito y borrar las finanzas sucias del gobierno municipal.<\/span><\/p>\n<p><span style=\"font-size: 14pt;\">Hay mujeres que tienen m\u00e1s m\u00e9ritos para alcanzar el honor de encabezar los destinos de este municipio labrado con el sudor de los trabajadores petroleros que crearon todo un emporio como cimientos de lo que ahora surge impulsada por su historia esta parte importante del estado de Veracruz.<\/span><\/p>\n<p><span style=\"font-size: 14pt;\">Es tiempo de mujeres, y seguramente el futuro ser\u00e1 m\u00e1s promisorio para los habitantes de este legendario municipio de Veracruz.<\/span><\/p>\n<p><span style=\"font-size: 14pt;\"><strong>PEGA Y CORRE.-<\/strong>El gobernador panista de Quer\u00e9taro, Mauricio Kuri, anunci\u00f3 que asistir\u00e1 a la reuni\u00f3n a la que la Presidenta Claudia Sheinbaum convoc\u00f3 para el domingo en el z\u00f3calo de la Ciudad de M\u00e9xico\u2026Esta columna se publica lo lunes, mi\u00e9rcoles y viernes.<\/span><\/p>\n<p><img data-recalc-dims=\"1\" loading=\"lazy\" decoding=\"async\" class=\"aligncenter size-full wp-image-58143\" src=\"https:\/\/i0.wp.com\/politicosaldesnudo.com.mx\/wp-content\/uploads\/2025\/03\/FIRMA-EDITORIAL-PD-1.jpg?resize=800%2C98&#038;ssl=1\" alt=\"\" width=\"800\" height=\"98\" srcset=\"https:\/\/i0.wp.com\/politicosaldesnudo.com.mx\/wp-content\/uploads\/2025\/03\/FIRMA-EDITORIAL-PD-1.jpg?w=1024&amp;ssl=1 1024w, https:\/\/i0.wp.com\/politicosaldesnudo.com.mx\/wp-content\/uploads\/2025\/03\/FIRMA-EDITORIAL-PD-1.jpg?resize=300%2C37&amp;ssl=1 300w, https:\/\/i0.wp.com\/politicosaldesnudo.com.mx\/wp-content\/uploads\/2025\/03\/FIRMA-EDITORIAL-PD-1.jpg?resize=768%2C94&amp;ssl=1 768w\" sizes=\"auto, (max-width: 800px) 100vw, 800px\" \/><\/p>\n","protected":false},"excerpt":{"rendered":"<p>ALMA GRANDE Por \u00c1ngel \u00c1lvaro Pe\u00f1a Poza Rica est\u00e1 en plena efervescencia al conocer a la ganadora de la encuesta<\/p>\n","protected":false},"author":4,"featured_media":57769,"comment_status":"closed","ping_status":"closed","sticky":false,"template":"","format":"standard","meta":{"colormag_page_container_layout":"default_layout","colormag_page_sidebar_layout":"default_layout","_jetpack_memberships_contains_paid_content":false,"footnotes":"","jetpack_publicize_message":"","jetpack_publicize_feature_enabled":true,"jetpack_social_post_already_shared":false,"jetpack_social_options":{"image_generator_settings":{"template":"highway","default_image_id":0,"font":"","enabled":false},"version":2}},"categories":[26],"tags":[],"class_list":["post-58257","post","type-post","status-publish","format-standard","has-post-thumbnail","hentry","category-columnistas"],"jetpack_publicize_connections":[],"jetpack_featured_media_url":"https:\/\/i0.wp.com\/politicosaldesnudo.com.mx\/wp-content\/uploads\/2025\/02\/BANNER-LOPEZ-DORIGA-DIGITAL-4.jpg?fit=800%2C445&ssl=1","jetpack-related-posts":[],"jetpack_sharing_enabled":true,"_links":{"self":[{"href":"https:\/\/politicosaldesnudo.com.mx\/index.php\/wp-json\/wp\/v2\/posts\/58257","targetHints":{"allow":["GET"]}}],"collection":[{"href":"https:\/\/politicosaldesnudo.com.mx\/index.php\/wp-json\/wp\/v2\/posts"}],"about":[{"href":"https:\/\/politicosaldesnudo.com.mx\/index.php\/wp-json\/wp\/v2\/types\/post"}],"author":[{"embeddable":true,"href":"https:\/\/politicosaldesnudo.com.mx\/index.php\/wp-json\/wp\/v2\/users\/4"}],"replies":[{"embeddable":true,"href":"https:\/\/politicosaldesnudo.com.mx\/index.php\/wp-json\/wp\/v2\/comments?post=58257"}],"version-history":[{"count":0,"href":"https:\/\/politicosaldesnudo.com.mx\/index.php\/wp-json\/wp\/v2\/posts\/58257\/revisions"}],"wp:featuredmedia":[{"embeddable":true,"href":"https:\/\/politicosaldesnudo.com.mx\/index.php\/wp-json\/wp\/v2\/media\/57769"}],"wp:attachment":[{"href":"https:\/\/politicosaldesnudo.com.mx\/index.php\/wp-json\/wp\/v2\/media?parent=58257"}],"wp:term":[{"taxonomy":"category","embeddable":true,"href":"https:\/\/politicosaldesnudo.com.mx\/index.php\/wp-json\/wp\/v2\/categories?post=58257"},{"taxonomy":"post_tag","embeddable":true,"href":"https:\/\/politicosaldesnudo.com.mx\/index.php\/wp-json\/wp\/v2\/tags?post=58257"}],"curies":[{"name":"wp","href":"https:\/\/api.w.org\/{rel}","templated":true}]}}