{"id":58259,"date":"2025-03-08T00:01:35","date_gmt":"2025-03-08T06:01:35","guid":{"rendered":"https:\/\/politicosaldesnudo.com.mx\/?p=58259"},"modified":"2025-03-07T21:06:31","modified_gmt":"2025-03-08T03:06:31","slug":"frente-frio-31-llega-el-domingo","status":"publish","type":"post","link":"https:\/\/politicosaldesnudo.com.mx\/index.php\/2025\/03\/08\/frente-frio-31-llega-el-domingo\/","title":{"rendered":"Frente fr\u00edo 31 llega el domingo"},"content":{"rendered":"<p>El Servicio Meteorol\u00f3gico Nacional (SMN) inform\u00f3 que un nuevo frente fr\u00edo el n\u00famero 31, ingresar\u00e1 al norte de Veracruz el pr\u00f3ximo domingo, lo que podr\u00eda generar cambios significativos en el clima de la regi\u00f3n.<\/p>\n<p>Seg\u00fan las previsiones, el frente fr\u00edo de la temporada ingresar\u00e1 al estado de Veracruz desde el norte, trayendo consigo un aumento en la probabilidad de lluvias y tormentas el\u00e9ctricas. Adem\u00e1s, se espera un descenso en las temperaturas, especialmente en las zonas monta\u00f1osas.<\/p>\n<p>El SMN advirti\u00f3 que el frente fr\u00edo podr\u00eda generar lluvias intensas en algunas zonas, lo que podr\u00eda provocar inundaciones y deslaves en \u00e1reas propensas. Por lo tanto, se recomienda a la poblaci\u00f3n estar atenta a las condiciones clim\u00e1ticas y seguir las instrucciones de las autoridades locales.<\/p>\n<p>Es importante mencionar que el ingreso del frente fr\u00edo tambi\u00e9n podr\u00eda generar vientos fuertes y oleaje en la costa, lo que podr\u00eda afectar las actividades mar\u00edtimas y portuarias. Se recomienda a los navegantes y pescadores tomar las precauciones necesarias y estar informados sobre las condiciones clim\u00e1ticas antes de salir a la mar.<\/p>\n","protected":false},"excerpt":{"rendered":"<p>El Servicio Meteorol\u00f3gico Nacional (SMN) inform\u00f3 que un nuevo frente fr\u00edo el n\u00famero 31, ingresar\u00e1 al norte de Veracruz el<\/p>\n","protected":false},"author":4,"featured_media":58260,"comment_status":"closed","ping_status":"closed","sticky":false,"template":"","format":"standard","meta":{"colormag_page_container_layout":"default_layout","colormag_page_sidebar_layout":"default_layout","_jetpack_memberships_contains_paid_content":false,"footnotes":"","jetpack_publicize_message":"","jetpack_publicize_feature_enabled":true,"jetpack_social_post_already_shared":false,"jetpack_social_options":{"image_generator_settings":{"template":"highway","default_image_id":0,"font":"","enabled":false},"version":2}},"categories":[1082],"tags":[],"class_list":["post-58259","post","type-post","status-publish","format-standard","has-post-thumbnail","hentry","category-tuxpan"],"jetpack_publicize_connections":[],"jetpack_featured_media_url":"https:\/\/i0.wp.com\/politicosaldesnudo.com.mx\/wp-content\/uploads\/2025\/03\/3c-2.jpg?fit=800%2C600&ssl=1","jetpack-related-posts":[],"jetpack_sharing_enabled":true,"_links":{"self":[{"href":"https:\/\/politicosaldesnudo.com.mx\/index.php\/wp-json\/wp\/v2\/posts\/58259","targetHints":{"allow":["GET"]}}],"collection":[{"href":"https:\/\/politicosaldesnudo.com.mx\/index.php\/wp-json\/wp\/v2\/posts"}],"about":[{"href":"https:\/\/politicosaldesnudo.com.mx\/index.php\/wp-json\/wp\/v2\/types\/post"}],"author":[{"embeddable":true,"href":"https:\/\/politicosaldesnudo.com.mx\/index.php\/wp-json\/wp\/v2\/users\/4"}],"replies":[{"embeddable":true,"href":"https:\/\/politicosaldesnudo.com.mx\/index.php\/wp-json\/wp\/v2\/comments?post=58259"}],"version-history":[{"count":0,"href":"https:\/\/politicosaldesnudo.com.mx\/index.php\/wp-json\/wp\/v2\/posts\/58259\/revisions"}],"wp:featuredmedia":[{"embeddable":true,"href":"https:\/\/politicosaldesnudo.com.mx\/index.php\/wp-json\/wp\/v2\/media\/58260"}],"wp:attachment":[{"href":"https:\/\/politicosaldesnudo.com.mx\/index.php\/wp-json\/wp\/v2\/media?parent=58259"}],"wp:term":[{"taxonomy":"category","embeddable":true,"href":"https:\/\/politicosaldesnudo.com.mx\/index.php\/wp-json\/wp\/v2\/categories?post=58259"},{"taxonomy":"post_tag","embeddable":true,"href":"https:\/\/politicosaldesnudo.com.mx\/index.php\/wp-json\/wp\/v2\/tags?post=58259"}],"curies":[{"name":"wp","href":"https:\/\/api.w.org\/{rel}","templated":true}]}}