{"id":58365,"date":"2025-03-10T00:06:51","date_gmt":"2025-03-10T06:06:51","guid":{"rendered":"https:\/\/politicosaldesnudo.com.mx\/?p=58365"},"modified":"2025-03-09T22:40:26","modified_gmt":"2025-03-10T04:40:26","slug":"instalara-ine-urna-unica-en-casillas-para-recibir-votos-de-magistrados-y-jueces","status":"publish","type":"post","link":"https:\/\/politicosaldesnudo.com.mx\/index.php\/2025\/03\/10\/instalara-ine-urna-unica-en-casillas-para-recibir-votos-de-magistrados-y-jueces\/","title":{"rendered":"Instalar\u00e1 INE urna \u00fanica en casillas para recibir votos de magistrados y jueces"},"content":{"rendered":"<p class=\"nota-justify\">Para reducir el tiempo en la emisi\u00f3n de votos en el proceso electoral judicial, el Instituto Nacional Electoral (INE) instalar\u00e1 la urna \u00fanica en las casillas, donde los ciudadanos depositar\u00e1n las seis boletas que recibir\u00e1n para votar por los cargos de ministros, magistrados y jueces.<\/p>\n<p class=\"nota-justify\">Cada votante tendr\u00e1 que sufragar por los ministros de la Suprema Corte de Justicia de la Naci\u00f3n (SCJN), los magistrados del Tribunal de Disciplina Judicial, magistrados de la Sala Superior y Regionales del Tribunal Electoral del Poder Judicial de la Federaci\u00f3n, as\u00ed como por magistrados de circuito y jueces de distrito.<\/p>\n<p class=\"nota-justify\">De acuerdo con el INE, en las casillas seccionales se prev\u00e9 recibir a m\u00e1s de mil electores, por lo que se colocar\u00e1n hasta dos urnas \u00fanicas en el centro, de tal forma que la ciudadan\u00eda deposite las boletas en \u00e9stas, sin distinguir tipo de elecci\u00f3n, tampoco si es del \u00e1mbito federal o local.<\/p>\n<p class=\"nota-justify\">Por lo anterior, se dispondr\u00e1 para cada casilla la cantidad necesaria de urnas vac\u00edas para sustituir la que se encuentre a su m\u00e1xima capacidad de boletas, previa indicaci\u00f3n verbal de la presidencia de la Mesa Directiva de Casilla.<\/p>\n<p class=\"nota-justify\">El pr\u00f3ximo primero de junio, habr\u00e1 casilla seccional en 15 entidades que celebrar\u00e1n solamente elecciones del Poder Judicial de la Federaci\u00f3n, en el \u00e1mbito nacional.<\/p>\n<p class=\"nota-justify\">Mientras que en 17 estados se instalar\u00e1n casillas seccionales \u00fanicas, en las que tambi\u00e9n se depositar\u00e1n los votos para los jueces locales de cada entidad.<\/p>\n<p class=\"nota-justify\">Estas casillas seccionales se clasifican en b\u00e1sicas y contiguas. Las b\u00e1sicas se instalar\u00e1n en cada secci\u00f3n electoral que tenga una Lista Nominal de m\u00e1s de 100 y hasta 2 mil 250 personas electoras.<\/p>\n<p class=\"nota-justify\">En tanto, las contiguas se colocar\u00e1n en cada secci\u00f3n electoral que tenga m\u00e1s de 2 mil 250 electores. Se instalar\u00e1n tantas casillas contiguas como resulte de dividir alfab\u00e9ticamente el n\u00famero de ciudadanos inscritos en la Lista Nominal de Electores entre 2 mil 250. \u00c9stas se instalar\u00e1n en el mismo lugar que la casilla seccional b\u00e1sica o, en un lugar inmediato a \u00e9ste, siempre dentro de la misma secci\u00f3n electoral.<\/p>\n<p class=\"nota-justify\">Respecto a la integraci\u00f3n de las mesas directivas de cada casilla seccional se determin\u00f3 que habr\u00e1 una persona presidenta, dos secretarias, dos escrutadoras y una escrutadora m\u00e1s, a partir de mil y un electores. Mientras que en las casillas seccionales \u00fanicas aumentar\u00e1 una escrutadora.<\/p>\n<p class=\"nota-justify\">Para esta elecci\u00f3n, tambi\u00e9n se contempla la instalaci\u00f3n de casillas especiales, destinadas para la recepci\u00f3n del voto de los electores en tr\u00e1nsito, fuera de la secci\u00f3n correspondiente a su domicilio.<\/p>\n<p class=\"nota-justify\">Se podr\u00e1 instalar, al menos, una de estas casillas por distrito electoral judicial y el n\u00famero de boletas a dotar en cada una ser\u00e1 de mil, para cada tipo de elecci\u00f3n.<\/p>\n<p class=\"nota-justify\">El n\u00famero definitivo de casillas seccionales, seccionales \u00fanicas y especiales es responsabilidad de cada Consejo Distrital del INE.<\/p>\n","protected":false},"excerpt":{"rendered":"<p>Para reducir el tiempo en la emisi\u00f3n de votos en el proceso electoral judicial, el Instituto Nacional Electoral (INE) instalar\u00e1<\/p>\n","protected":false},"author":4,"featured_media":58366,"comment_status":"closed","ping_status":"closed","sticky":false,"template":"","format":"standard","meta":{"colormag_page_container_layout":"default_layout","colormag_page_sidebar_layout":"default_layout","_jetpack_memberships_contains_paid_content":false,"footnotes":"","jetpack_publicize_message":"","jetpack_publicize_feature_enabled":true,"jetpack_social_post_already_shared":false,"jetpack_social_options":{"image_generator_settings":{"template":"highway","default_image_id":0,"font":"","enabled":false},"version":2}},"categories":[33],"tags":[],"class_list":["post-58365","post","type-post","status-publish","format-standard","has-post-thumbnail","hentry","category-nacional"],"jetpack_publicize_connections":[],"jetpack_featured_media_url":"https:\/\/i0.wp.com\/politicosaldesnudo.com.mx\/wp-content\/uploads\/2025\/03\/1-9.jpg?fit=1600%2C1200&ssl=1","jetpack-related-posts":[],"jetpack_sharing_enabled":true,"_links":{"self":[{"href":"https:\/\/politicosaldesnudo.com.mx\/index.php\/wp-json\/wp\/v2\/posts\/58365","targetHints":{"allow":["GET"]}}],"collection":[{"href":"https:\/\/politicosaldesnudo.com.mx\/index.php\/wp-json\/wp\/v2\/posts"}],"about":[{"href":"https:\/\/politicosaldesnudo.com.mx\/index.php\/wp-json\/wp\/v2\/types\/post"}],"author":[{"embeddable":true,"href":"https:\/\/politicosaldesnudo.com.mx\/index.php\/wp-json\/wp\/v2\/users\/4"}],"replies":[{"embeddable":true,"href":"https:\/\/politicosaldesnudo.com.mx\/index.php\/wp-json\/wp\/v2\/comments?post=58365"}],"version-history":[{"count":0,"href":"https:\/\/politicosaldesnudo.com.mx\/index.php\/wp-json\/wp\/v2\/posts\/58365\/revisions"}],"wp:featuredmedia":[{"embeddable":true,"href":"https:\/\/politicosaldesnudo.com.mx\/index.php\/wp-json\/wp\/v2\/media\/58366"}],"wp:attachment":[{"href":"https:\/\/politicosaldesnudo.com.mx\/index.php\/wp-json\/wp\/v2\/media?parent=58365"}],"wp:term":[{"taxonomy":"category","embeddable":true,"href":"https:\/\/politicosaldesnudo.com.mx\/index.php\/wp-json\/wp\/v2\/categories?post=58365"},{"taxonomy":"post_tag","embeddable":true,"href":"https:\/\/politicosaldesnudo.com.mx\/index.php\/wp-json\/wp\/v2\/tags?post=58365"}],"curies":[{"name":"wp","href":"https:\/\/api.w.org\/{rel}","templated":true}]}}