{"id":58371,"date":"2025-03-10T00:08:33","date_gmt":"2025-03-10T06:08:33","guid":{"rendered":"https:\/\/politicosaldesnudo.com.mx\/?p=58371"},"modified":"2025-03-09T23:08:59","modified_gmt":"2025-03-10T05:08:59","slug":"con-trump-prevalecera-el-respeto-el-dialogo-y-la-colaboracion-sheinbaum","status":"publish","type":"post","link":"https:\/\/politicosaldesnudo.com.mx\/index.php\/2025\/03\/10\/con-trump-prevalecera-el-respeto-el-dialogo-y-la-colaboracion-sheinbaum\/","title":{"rendered":"Con Trump, prevalecer\u00e1 el respeto, el di\u00e1logo y la colaboraci\u00f3n: Sheinbaum"},"content":{"rendered":"<p>Con el gobierno de Donald Trump prevalecer\u00e1 el respeto, el di\u00e1logo y la colaboraci\u00f3n, pero \u201cno somos extremistas, porque hay principios irrenunciables: no podemos ceder nuestra soberan\u00eda ni permitir que nuestro pueblo resulte afectado por decisiones que tomen gobiernos y hegemon\u00edas extranjeras\u201d, asegur\u00f3 la presidenta Claudia Sheinbaum Pardo, quien ante el multitudinario respaldo que hoy recibi\u00f3 en el Z\u00f3calo, dijo estar dispuesta a dar la vida por M\u00e9xico.<\/p>\n<p>\u201cSiempre lo hemos expresado con convicci\u00f3n: M\u00e9xico es un gran pa\u00eds, con un pueblo digno y valeroso. (Con Estados Unidos) somos naciones en igualdad de circunstancias, no somos m\u00e1s pero tampoco somos menos, y siempre pondremos por encima de todo el respeto a nuestro amado pueblo y a nuestra bendita naci\u00f3n\u201d, sostuvo.<\/p>\n<p>Desde el centro pol\u00edtico de la Rep\u00fablica, mencion\u00f3 al pueblo estadunidense \u201cque no tenemos ni tendremos intenci\u00f3n alguna de perjudicarlos y estamos resueltos a colaborar con \u00e9l en todos los \u00e1mbitos, especialmente, ante la preocupaci\u00f3n que tienen por grave consumo de drogas sint\u00e9ticas\u201d.<\/p>\n<p>Por razones humanitarias, agreg\u00f3, \u201cM\u00e9xico seguir\u00e1 colaborando para que evitar que llegue fentanilo a los j\u00f3venes estadunidenses y para apoyar a sus familias\u201d.<\/p>\n<p>Ante un Z\u00f3calo desbordado, la presidenta resalt\u00f3, ante las negociaciones con Estados Unidos para evitar los aranceles a las exportaciones, que ha quedado demostrado que \u201cel amor a la patria siempre gana; hemos demostrado que el pueblo de M\u00e9xico es mucha pieza y que juntos somos m\u00e1s y llegamos m\u00e1s lejos\u201d.<\/p>\n<p>\u201cSiempre diremos con orgullo y amor, M\u00e9xico es un pa\u00eds libre, independiente, soberano y democr\u00e1tico. Nuestra fuerza es el pueblo, nuestro motivo es su bienestar, tenemos la misi\u00f3n de servir al pueblo y a la patria. Tengan la certeza de que su presidenta, con temple y coraz\u00f3n, nunca les va a traicionar, y siempre pondr\u00e9 mente, coraz\u00f3n, energ\u00eda y hasta la vida misma por nuestro querido y amado M\u00e9xico\u201d.<\/p>\n<p>\u00danica oradora, record\u00f3 que hoy es un acto de unidad, pero \u201ca\u00fan cuando ya est\u00e1 en la Constituci\u00f3n, no se debe olvidar que el primero de junio habr\u00e1 elecciones. Y por primera vez en la historia, el pueblo de M\u00e9xico va a elegir a jueces, magistrados y ministros de la Suprema Corte de Justicia de la Naci\u00f3n\u201d.<\/p>\n<p>Fueron m\u00faltiples las ocasiones en que se escuch\u00f3 el grito de \u00a1no est\u00e1s sola, no est\u00e1s sola! Y la presidenta al confiar que seguir\u00e1n los buenos resultados en la negociaci\u00f3n con Trump, exhort\u00f3 a seguir \u201catentos e informados por si es necesario nuevamente convocarnos a esta plaza p\u00fablica. \u00bfEst\u00e1n de acuerdo?\u201d, pregunt\u00f3 y se escuch\u00f3 un sonoro s\u00ed.<\/p>\n<p>La mandataria subray\u00f3 a los miles de presentes que su gobierno nunca se divorciar\u00e1 del pueblo. \u201cSomos uno solo\u201d y siempre que haya que informar o afrontar alguna adversidad, vamos a estar juntos. Y \u201caqu\u00ed estamos juntos pueblo y gobierno y nunca nos vamos a separar. Esa es nuestra raz\u00f3n y nuestra fuerza\u201d.<\/p>\n<p>En esta ocasi\u00f3n, \u201cpor la fuerza del pueblo de M\u00e9xico, nos reunimos para congratularnos, porque en la relaci\u00f3n con el gobierno de Estados Unidos prevaleci\u00f3 el di\u00e1logo y el respeto y fueron levantadas las tarifas o aranceles que se estaban aplicando a productos que exportamos hacia el vecino pa\u00eds. Este, repito, es un logro de todas y de todos\u201d.<\/p>\n<p>La mandataria record\u00f3 que despu\u00e9s de la primera pausa de un mes a los aranceles, convoc\u00f3 a la asamblea fue convocada para anunciar una estrategia de respuesta, planeada desde hace meses, pero \u201cafortunadamente ha prevalecido el di\u00e1logo y sobre todo el respeto entre nuestras naciones.<\/p>\n<p>\u201cSiempre lo hemos expresado con convicci\u00f3n: M\u00e9xico es un gran pa\u00eds con un pueblo digno y valeroso. Somos naciones en igualdad de circunstancias, no somos m\u00e1s pero tampoco somos menos, y siempre pondremos por encima de todo el respeto a nuestro amado pueblo y a nuestra bendita naci\u00f3n\u201d.<\/p>\n<p>La presidenta hizo un recuento de las negociaciones con Estados Unidos en las las \u00faltimas semanas, entre ellas c\u00f3mo se resolvi\u00f3 aplazar un mes m\u00e1s la aplicaci\u00f3n unilateral de aranceles en la llamada que el 6 de marzo \u2013y no el 6 de octubre como ven\u00eda en discurso- \u201cy ahora quiero expresarles que somos optimistas porque para el 2 de abril, el gobierno de Estados Unidos ha anunciado que pondr\u00e1 aranceles rec\u00edprocos a todos los pa\u00edses del mundo\u201d.<\/p>\n<p>Nada m\u00e1s que M\u00e9xico no le cobra por exportaciones, \u201cpues nosotros desde hace 30 a\u00f1os hemos firmado dos tratados comerciales con los que se establece que nosotros no tenemos aranceles con ellos ni ellos con nosotros. Es decir, no se tendr\u00edan que aplicar aranceles rec\u00edprocos, porque pr\u00e1cticamente no hay aranceles de M\u00e9xico hacia los Estados Unidos\u201d.<\/p>\n<p>Por ello, agreg\u00f3, \u201csiempre hay que agradecer la voluntad de di\u00e1logo del presidente de Estados Unidos con M\u00e9xico\u201d, y resalt\u00f3 en este \u00e1mbito, como incidi\u00f3 en la negociaci\u00f3n la buena relaci\u00f3n que tuvo el ex presidente Andr\u00e9s Manuel L\u00f3pez Obrador \u2013a quien envi\u00f3 saludos hasta Palenque, Chiapas- con Trump.<\/p>\n<p>\u201cEs probablemente que a algunas personas que no les interesa que haya una buena relaci\u00f3n entre nuestros pueblos y gobiernos, pero estoy segura que con informaci\u00f3n y di\u00e1logo respetuoso siempre podemos lograr una relaci\u00f3n de respeto. Hasta ahora ha sido as\u00ed\u201d.<br \/>\nCon Estados Unidos \u201csomos vecinos, tenemos la responsabilidad de colaborar y coordinarnos, pero debemos tener siempre claro, como dec\u00eda<\/p>\n<p>Vicente Guerrero, la patria es primero\u201d.<\/p>\n<p>Tenemos plan y estrategia, y saldremos adelante, como lo hicimos con la pandemia de Covid, porque tenemos \u00a0un pueblo extraordinario, \u201ccon m\u00e1s raz\u00f3n ahora que estamos fortalecidos en lo econ\u00f3mico, lo social y lo pol\u00edtico\u201d. \u00a1No est\u00e1s sola, no est\u00e1s sola!, se escuch\u00f3.<br \/>\nInsisti\u00f3: \u201csiempre estaremos juntos y juntos siempre vamos a salir adelante con temple, con cabeza fr\u00eda y con mucho amor al pueblo de M\u00e9xico\u201d.<br \/>\nE invariablemente, afirm\u00f3 \u201ccon voluntad y tes\u00f3n, debemos tener al di\u00e1logo siempre como la opci\u00f3n\u201d.<\/p>\n<p>M\u00e9xico y Estados Unidos, record\u00f3, compartimos una frontera de 3 mil 180 kil\u00f3metros; cooperamos en lo comercial, lo econ\u00f3mico, en la amistad y tenemos familias de uno y otro lado de la frontera, adem\u00e1s de que nuestra historia \u201cest\u00e1 marcada con numerosos episodios de hostilidad, pero tambi\u00e9n de cooperaci\u00f3n y entendimiento\u201d.<\/p>\n<p>Remarc\u00f3 que \u201cPor razones humanitarias\u00bb M\u00e9xico seguir\u00e1 colaborando para evitar que el fentanilo llegue a los j\u00f3venes estadunidenses y para apoyar a sus familias, pues el uso de esa droga sint\u00e9tica en la naci\u00f3n del norte representa un grave problema de salud p\u00fablica.<\/p>\n<p>Destac\u00f3 que el trabajo que han realizado las fuerzas armadas y la Secretar\u00eda de Seguridad y Protecci\u00f3n Ciudadana contra esa sustancia, con numerosas incautaciones, se han traducido en la reducci\u00f3n de aseguramientos en la frontera sur de Estados Unidos.<\/p>\n<p>Cit\u00f3 cifras de la Oficina e Aduanas y Protecci\u00f3n Fronteriza de Estados Unidos que se\u00f1alan que entre octubre de 2024 y enero de 2025, disminuy\u00f3 el cruce de fentanilo de M\u00e9xico a su vecino del norte en 50 por ciento; y de enero a febrero de 2025 en otro 41 por ciento.<\/p>\n<p>Sin embargo, la jefa del Ejecutivo dej\u00f3 claro que Estados Unidos debe hacer su tarea para atender las causas del consumo y adicci\u00f3n a esa sustancia entre sus ciudadanos; al igual que as\u00ed como M\u00e9xico pone \u00e9nfasis en la lucha para evitar el paso ilegal de la droga, Washington haga lo propio para frenar las armas que llegan a M\u00e9xico.<\/p>\n<p>\u201cDe la misma forma que cooperamos en este \u00e1mbito, en todo momento le hemos planteado al gobierno de Estados Unidos que debe aplicarse para que dejen de llegar armas de alto poder a nuestro territorio . La estrategia para evitar el cruce de drogas hacia Estados Unidos es parte de la estrategia que hemos planteado para conseguir la paz y la seguridad en nuestro pa\u00eds\u201d.<\/p>\n<p>Y adelant\u00f3 un dato que se presentar\u00eda en el informe del gabinete de seguridad en la ma\u00f1anera del pr\u00f3ximo martes: \u201centre octubre de 2024 y febrero de 2025 hemos reducido los homicidios dolosos en todo el pa\u00eds en casi 15 por ciento\u201d.<\/p>\n<p>En lo econ\u00f3mico, la presidenta acentu\u00f3 que las econom\u00edas de ambas naciones est\u00e1n \u201cmuy integradas. Y cualquier cambio producir\u00e1 desajustes en ambos pa\u00edses. En cambio, estamos en el mejor momento para convertir a nuestra regi\u00f3n en la m\u00e1s imperante del mundo y competir as\u00ed con otras regiones\u201d.<\/p>\n<p>Destac\u00f3 que la gran mayor\u00eda de las empresas estadunidenses asentadas y que invierten en M\u00e9xico y que exportan a su pa\u00eds, y estar en territorio mexicano las vuelve mas productivas.<\/p>\n<p>\u201cLo que les permite que por cada 131 empleos que se generan en nuestro pa\u00eds, se generan 333 en los Estados Unidos\u201d.<\/p>\n<p>Sheinbaum Pardo plante\u00f3 finalmente cinco puntos de la estrategia que seguir\u00e1 su administraci\u00f3n:<\/p>\n<p>El fortalecimiento del mercado interno. \u201cEso significa seguir aumentando el salario m\u00ednimo y el bienestar de nuestro pueblo\u201d.<\/p>\n<p>Ampliar la autosuficiencia en alimentos b\u00e1sicos y en energ\u00e9ticos. \u201cQue se produzcan en M\u00e9xico lo que consumimos en M\u00e9xico\u201d.<\/p>\n<p>Promover la inversi\u00f3n publica para impulsar la creaci\u00f3n de empleos. \u201cYa inician este y el pr\u00f3ximo mes la construcci\u00f3n de trenes de M\u00e9xico a Nuevo Laredo y de M\u00e9xico a Nogales; carreteras, obras de agua de beneficio social y en un mill\u00f3n de viviendas para el pueblo de M\u00e9xico al que nos comprometimos\u201d.<\/p>\n<p>\u201cPromover la producci\u00f3n nacional para el mercado interno con el Plan M\u00e9xico; y fortalecer la base de nuestro proyecto los programas del bienestar\u201d.<\/p>\n<p>A este festival acudieron los gobernadores de la 4T, as\u00ed como mandatarios de oposici\u00f3n: los emecistas Pablo Lemus (Jalisco) y Samuel Garc\u00eda (Nuevo Le\u00f3n); el del PRI, Esteban Villegas (Durango) y el panista Mauricio Kuri (PAN).<\/p>\n<p>Tambi\u00e9n empresarios, legisladores, funcionarios locales, y sobre todo, miles de gentes que atiborraron la plaza central y calles aleda\u00f1as<br \/>\nDesde las 9 de la ma\u00f1ana comenz\u00f3 la m\u00fasica, amenizada por las bandas de la Secretar\u00eda de la Defensa Nacional y de la Marina. Y tras el discurso de la mandataria sigue el festival con \u201cLa Vecindad Santanera\u201d.<\/p>\n","protected":false},"excerpt":{"rendered":"<p>Con el gobierno de Donald Trump prevalecer\u00e1 el respeto, el di\u00e1logo y la colaboraci\u00f3n, pero \u201cno somos extremistas, porque hay<\/p>\n","protected":false},"author":4,"featured_media":58372,"comment_status":"closed","ping_status":"closed","sticky":false,"template":"","format":"standard","meta":{"colormag_page_container_layout":"default_layout","colormag_page_sidebar_layout":"default_layout","_jetpack_memberships_contains_paid_content":false,"footnotes":"","jetpack_publicize_message":"","jetpack_publicize_feature_enabled":true,"jetpack_social_post_already_shared":false,"jetpack_social_options":{"image_generator_settings":{"template":"highway","default_image_id":0,"font":"","enabled":false},"version":2}},"categories":[33],"tags":[],"class_list":["post-58371","post","type-post","status-publish","format-standard","has-post-thumbnail","hentry","category-nacional"],"jetpack_publicize_connections":[],"jetpack_featured_media_url":"https:\/\/i0.wp.com\/politicosaldesnudo.com.mx\/wp-content\/uploads\/2025\/03\/SH-1.jpg?fit=746%2C509&ssl=1","jetpack-related-posts":[],"jetpack_sharing_enabled":true,"_links":{"self":[{"href":"https:\/\/politicosaldesnudo.com.mx\/index.php\/wp-json\/wp\/v2\/posts\/58371","targetHints":{"allow":["GET"]}}],"collection":[{"href":"https:\/\/politicosaldesnudo.com.mx\/index.php\/wp-json\/wp\/v2\/posts"}],"about":[{"href":"https:\/\/politicosaldesnudo.com.mx\/index.php\/wp-json\/wp\/v2\/types\/post"}],"author":[{"embeddable":true,"href":"https:\/\/politicosaldesnudo.com.mx\/index.php\/wp-json\/wp\/v2\/users\/4"}],"replies":[{"embeddable":true,"href":"https:\/\/politicosaldesnudo.com.mx\/index.php\/wp-json\/wp\/v2\/comments?post=58371"}],"version-history":[{"count":0,"href":"https:\/\/politicosaldesnudo.com.mx\/index.php\/wp-json\/wp\/v2\/posts\/58371\/revisions"}],"wp:featuredmedia":[{"embeddable":true,"href":"https:\/\/politicosaldesnudo.com.mx\/index.php\/wp-json\/wp\/v2\/media\/58372"}],"wp:attachment":[{"href":"https:\/\/politicosaldesnudo.com.mx\/index.php\/wp-json\/wp\/v2\/media?parent=58371"}],"wp:term":[{"taxonomy":"category","embeddable":true,"href":"https:\/\/politicosaldesnudo.com.mx\/index.php\/wp-json\/wp\/v2\/categories?post=58371"},{"taxonomy":"post_tag","embeddable":true,"href":"https:\/\/politicosaldesnudo.com.mx\/index.php\/wp-json\/wp\/v2\/tags?post=58371"}],"curies":[{"name":"wp","href":"https:\/\/api.w.org\/{rel}","templated":true}]}}