{"id":58389,"date":"2025-03-10T00:14:23","date_gmt":"2025-03-10T06:14:23","guid":{"rendered":"https:\/\/politicosaldesnudo.com.mx\/?p=58389"},"modified":"2025-03-09T23:31:57","modified_gmt":"2025-03-10T05:31:57","slug":"clausura-medio-ambiente-de-nl-4-espacios-contaminantes","status":"publish","type":"post","link":"https:\/\/politicosaldesnudo.com.mx\/index.php\/2025\/03\/10\/clausura-medio-ambiente-de-nl-4-espacios-contaminantes\/","title":{"rendered":"Clausura Medio Ambiente de NL 4 espacios contaminantes"},"content":{"rendered":"<p class=\"nota-justify\">En Nuevo Le\u00f3n, dos empresas ubicadas en Santa Catarina y una construcci\u00f3n en Monterrey, fueron clausuradas por la Secretar\u00eda de Medio Ambiente, as\u00ed como suspendieron de manera parcial una pedrera en el municipio de Allende.<\/p>\n<p class=\"nota-justify\">A trav\u00e9s de redes sociales, la secretar\u00eda inform\u00f3 sobre las acciones ya que los establecimientos clausurados no contaban con permisos estatales para operar, por las emisiones generadas y por la disposici\u00f3n inadecuada de manejo de residuos especiales.<\/p>\n<p class=\"nota-justify\">De acuerdo a la instituci\u00f3n, las empresas clausuradas fueron Ductocrest, S.A. de C.V. y Prefom S.A. de C.V., ambas ubicadas en el municipio de Santa Catarina.<\/p>\n<p class=\"nota-justify\">Las obras en construcci\u00f3n que fueron clausuradas, pertenec\u00edan a la empresa Fundaci\u00f3n Inmobiliaria S.A.P.I de C.V. y la pedrera en Allende, correspond\u00eda a la Industrializadora de Calizas del Norte, espec\u00edficamente por las emisiones contaminantes de uno de sus molinos.<\/p>\n<p class=\"nota-justify\">El s\u00e1bado 8 de marzo, Medio Ambiente de Nuevo Le\u00f3n emiti\u00f3 una alerta ambiental derivado de los incendios que se registraron ese mismo d\u00eda y fue hasta este domingo por la tarde en la que la instituci\u00f3n levant\u00f3 la alerta.<\/p>\n<p>&nbsp;<\/p>\n","protected":false},"excerpt":{"rendered":"<p>En Nuevo Le\u00f3n, dos empresas ubicadas en Santa Catarina y una construcci\u00f3n en Monterrey, fueron clausuradas por la Secretar\u00eda de<\/p>\n","protected":false},"author":4,"featured_media":58390,"comment_status":"closed","ping_status":"closed","sticky":false,"template":"","format":"standard","meta":{"colormag_page_container_layout":"default_layout","colormag_page_sidebar_layout":"default_layout","_jetpack_memberships_contains_paid_content":false,"footnotes":"","jetpack_publicize_message":"","jetpack_publicize_feature_enabled":true,"jetpack_social_post_already_shared":false,"jetpack_social_options":{"image_generator_settings":{"template":"highway","default_image_id":0,"font":"","enabled":false},"version":2}},"categories":[30],"tags":[],"class_list":["post-58389","post","type-post","status-publish","format-standard","has-post-thumbnail","hentry","category-estados"],"jetpack_publicize_connections":[],"jetpack_featured_media_url":"https:\/\/i0.wp.com\/politicosaldesnudo.com.mx\/wp-content\/uploads\/2025\/03\/nl.jpg?fit=774%2C489&ssl=1","jetpack-related-posts":[],"jetpack_sharing_enabled":true,"_links":{"self":[{"href":"https:\/\/politicosaldesnudo.com.mx\/index.php\/wp-json\/wp\/v2\/posts\/58389","targetHints":{"allow":["GET"]}}],"collection":[{"href":"https:\/\/politicosaldesnudo.com.mx\/index.php\/wp-json\/wp\/v2\/posts"}],"about":[{"href":"https:\/\/politicosaldesnudo.com.mx\/index.php\/wp-json\/wp\/v2\/types\/post"}],"author":[{"embeddable":true,"href":"https:\/\/politicosaldesnudo.com.mx\/index.php\/wp-json\/wp\/v2\/users\/4"}],"replies":[{"embeddable":true,"href":"https:\/\/politicosaldesnudo.com.mx\/index.php\/wp-json\/wp\/v2\/comments?post=58389"}],"version-history":[{"count":0,"href":"https:\/\/politicosaldesnudo.com.mx\/index.php\/wp-json\/wp\/v2\/posts\/58389\/revisions"}],"wp:featuredmedia":[{"embeddable":true,"href":"https:\/\/politicosaldesnudo.com.mx\/index.php\/wp-json\/wp\/v2\/media\/58390"}],"wp:attachment":[{"href":"https:\/\/politicosaldesnudo.com.mx\/index.php\/wp-json\/wp\/v2\/media?parent=58389"}],"wp:term":[{"taxonomy":"category","embeddable":true,"href":"https:\/\/politicosaldesnudo.com.mx\/index.php\/wp-json\/wp\/v2\/categories?post=58389"},{"taxonomy":"post_tag","embeddable":true,"href":"https:\/\/politicosaldesnudo.com.mx\/index.php\/wp-json\/wp\/v2\/tags?post=58389"}],"curies":[{"name":"wp","href":"https:\/\/api.w.org\/{rel}","templated":true}]}}