{"id":58392,"date":"2025-03-10T00:15:37","date_gmt":"2025-03-10T06:15:37","guid":{"rendered":"https:\/\/politicosaldesnudo.com.mx\/?p=58392"},"modified":"2025-03-09T23:34:00","modified_gmt":"2025-03-10T05:34:00","slug":"realizan-marcha-por-la-paz-tras-medio-ano-de-violencia-en-sinaloa","status":"publish","type":"post","link":"https:\/\/politicosaldesnudo.com.mx\/index.php\/2025\/03\/10\/realizan-marcha-por-la-paz-tras-medio-ano-de-violencia-en-sinaloa\/","title":{"rendered":"Realizan \u201cMarcha por la paz\u201d, tras medio a\u00f1o de violencia en Sinaloa"},"content":{"rendered":"<p class=\"nota-justify\">Familiares de personas asesinadas o desaparecidas y miembros de la sociedad civil realizaron este domingo la \u201cmarcha por la paz\u201d al cumplirse seis meses de la espiral de violencia que afecta a Sinaloa, principalmente a Culiac\u00e1n, y que es producto de la disputa entre las dos principales facciones del c\u00e1rtel de Sinaloa:\u00a0<i>Los Chapitos<\/i>\u00a0y\u00a0<i>Los Mayitos<\/i>.<\/p>\n<p class=\"nota-justify\">Esta confrontaci\u00f3n, que inici\u00f3 a ra\u00edz de la detenci\u00f3n de Ismael\u00a0<i>El Mayo<\/i>\u00a0Zambada por parte de autoridades de Estados Unidos, ha dejado a la fecha 913 homicidios, mil 242 desapariciones forzadas y tres mil 336 robos de autom\u00f3viles, seg\u00fan cifras del Secretariado Ejecutivo del Sistema Estatal de Seguridad P\u00fablica. Adem\u00e1s, de p\u00e9rdidas millonarias al sector comercio y empresarial.<\/p>\n<p class=\"nota-justify\">La convocatoria a participar en la movilizaci\u00f3n, denominada \u201cPor Sinaloa\u201d, la realizaron ciudadanos perjudicados por la inseguridad y los frecuentes acontecimientos violentos.<\/p>\n<p class=\"nota-justify\">Alrededor de las 9 de la ma\u00f1ana, m\u00e1s de 100 personas se congregaron en la Catedral de Culiac\u00e1n, sobre avenida \u00c1lvaro Obreg\u00f3n, portando pancartas con los rostros impresos de sus seres queridos y leyendas como \u201cm\u00e1s seguridad para todos\u201d.<\/p>\n<p class=\"nota-justify\">Con exigencias de paz, justicia y la renuncia del gobernador de Sinaloa, el morenista, Rub\u00e9n Rocha Moya, el contingente parti\u00f3 a las 9:20 horas rumbo a la iglesia de la Lomita. \u201c\u00danete, \u00fanete, \u00fanete que tu hijo puede ser\u201d y \u201ccon los ni\u00f1os, no\u201d, \u201cvivos se los llevaron, vivos los queremos\u201d, corearon.<\/p>\n<p class=\"nota-justify\">En la escalinata de La Lomita hicieron una oraci\u00f3n y luego regresaron hacia la catedral. \u201cHijo escucha, tu madre est\u00e1 en la lucha\u201d, gritaban los familiares de los ausentes, entre ellas varias madres de familia.<\/p>\n<p class=\"nota-justify\">\u201cEl dolor de perder a un hermano, no se lo deseo a nadie\u201d, \u201cluchamos por la paz que nos arrebataron\u201d, o \u201cCuliac\u00e1n tierra de desapariciones nos faltan muchos\u201d, se le\u00eda en algunas de las cartulinas que llevaban los inconformes.<\/p>\n<p class=\"nota-justify\">Entre los familiares de v\u00edctimas de la violencia criminal estuvieron la madre y abuela de Carlos Felipe, de 14 a\u00f1os, quien fue asesinado en d\u00edas pasados en un lavado de autos de la colonia Adolfo Ruiz Cortines; las se\u00f1oras lamentaron haber dado permiso al adolescente para que ayudara en un negocio de lavado de autos, donde pereci\u00f3 en un ataque a balazos contra el establecimiento. Tambi\u00e9n marcharon los parientes de Benjam\u00edn, testigo de Jehov\u00e1, desaparecido hace meses.<\/p>\n<p class=\"nota-justify\">Al concluir la movilizaci\u00f3n los quejosos colocaron en un veh\u00edculo pi\u00f1atas alusivas a Rocha Moya; los diputados locales, Mar\u00eda Teresa Guerra Ochoa, Sergio Torres F\u00e9lix, Arely Ruiz y el senador Enrique Inzunza Cazares.<\/p>\n<p class=\"nota-justify\">Integrantes del colectivo \u201cCuliac\u00e1n Valiente\u201d instalaron el memorial llamado \u201ctu ausencia no se olvida\u201d en el parque situado a un lado de la catedral para rendir honor a las victimas de la violencia.<\/p>\n","protected":false},"excerpt":{"rendered":"<p>Familiares de personas asesinadas o desaparecidas y miembros de la sociedad civil realizaron este domingo la \u201cmarcha por la paz\u201d<\/p>\n","protected":false},"author":4,"featured_media":58393,"comment_status":"closed","ping_status":"closed","sticky":false,"template":"","format":"standard","meta":{"colormag_page_container_layout":"default_layout","colormag_page_sidebar_layout":"default_layout","_jetpack_memberships_contains_paid_content":false,"footnotes":"","jetpack_publicize_message":"","jetpack_publicize_feature_enabled":true,"jetpack_social_post_already_shared":false,"jetpack_social_options":{"image_generator_settings":{"template":"highway","default_image_id":0,"font":"","enabled":false},"version":2}},"categories":[30],"tags":[],"class_list":["post-58392","post","type-post","status-publish","format-standard","has-post-thumbnail","hentry","category-estados"],"jetpack_publicize_connections":[],"jetpack_featured_media_url":"https:\/\/i0.wp.com\/politicosaldesnudo.com.mx\/wp-content\/uploads\/2025\/03\/si.jpg?fit=773%2C406&ssl=1","jetpack-related-posts":[],"jetpack_sharing_enabled":true,"_links":{"self":[{"href":"https:\/\/politicosaldesnudo.com.mx\/index.php\/wp-json\/wp\/v2\/posts\/58392","targetHints":{"allow":["GET"]}}],"collection":[{"href":"https:\/\/politicosaldesnudo.com.mx\/index.php\/wp-json\/wp\/v2\/posts"}],"about":[{"href":"https:\/\/politicosaldesnudo.com.mx\/index.php\/wp-json\/wp\/v2\/types\/post"}],"author":[{"embeddable":true,"href":"https:\/\/politicosaldesnudo.com.mx\/index.php\/wp-json\/wp\/v2\/users\/4"}],"replies":[{"embeddable":true,"href":"https:\/\/politicosaldesnudo.com.mx\/index.php\/wp-json\/wp\/v2\/comments?post=58392"}],"version-history":[{"count":0,"href":"https:\/\/politicosaldesnudo.com.mx\/index.php\/wp-json\/wp\/v2\/posts\/58392\/revisions"}],"wp:featuredmedia":[{"embeddable":true,"href":"https:\/\/politicosaldesnudo.com.mx\/index.php\/wp-json\/wp\/v2\/media\/58393"}],"wp:attachment":[{"href":"https:\/\/politicosaldesnudo.com.mx\/index.php\/wp-json\/wp\/v2\/media?parent=58392"}],"wp:term":[{"taxonomy":"category","embeddable":true,"href":"https:\/\/politicosaldesnudo.com.mx\/index.php\/wp-json\/wp\/v2\/categories?post=58392"},{"taxonomy":"post_tag","embeddable":true,"href":"https:\/\/politicosaldesnudo.com.mx\/index.php\/wp-json\/wp\/v2\/tags?post=58392"}],"curies":[{"name":"wp","href":"https:\/\/api.w.org\/{rel}","templated":true}]}}